{"id":87139,"date":"2024-11-19T14:18:50","date_gmt":"2024-11-19T17:18:50","guid":{"rendered":"https:\/\/www.todoeldia.com\/?p=87139"},"modified":"2024-11-19T14:21:34","modified_gmt":"2024-11-19T17:21:34","slug":"tucumano-se-robo-4-millones-de-una-camioneta-en-el-hiper-lo-detuvieron-y-quedo-libre","status":"publish","type":"post","link":"https:\/\/www.todoeldia.com\/index.php\/2024\/11\/19\/tucumano-se-robo-4-millones-de-una-camioneta-en-el-hiper-lo-detuvieron-y-quedo-libre\/","title":{"rendered":"Tucumano se rob\u00f3 4 millones de una camioneta en el Hiper Libertad, lo detuvieron y quedo libre"},"content":{"rendered":"\n<p>El pasado 11 de junio al mediod\u00eda un repartidor de l\u00e1cteos se dirigi\u00f3 a la playa de estacionamiento del Supermercado Libertad luego de realizar las cobranzas de su ruta habitual.<\/p>\n\n\n\n<p>Dej\u00f3 su camioneta estacionada frente al sal\u00f3n de comidas con el seguro autom\u00e1tico activado. Al regresar a su veh\u00edculo un par de horas despu\u00e9s, not\u00f3 que el desbloqueo autom\u00e1tico no funcionaba. Al acercarse, se percat\u00f3 de que la camioneta estaba abierta, sin signos de violencia, y que le hab\u00edan sustra\u00eddo la suma de cuatro millones de pesos, producto de las cobranzas realizadas. El dinero se encontraba en una bolsa y una caja detr\u00e1s del asiento del conductor, cubierto por una campera.<\/p>\n\n\n\n<p>Las c\u00e1maras de seguridad del supermercado captaron el momento del il\u00edcito, mostrando a un individuo sospechoso merodeando cerca del veh\u00edculo de la v\u00edctima. Minutos despu\u00e9s, se vio c\u00f3mo un auto se estacion\u00f3 junto a la camioneta, y un individuo se baj\u00f3 r\u00e1pidamente, entr\u00f3 en la camioneta y luego el auto se dio a la fuga a alta velocidad.<\/p>\n\n\n\n<p>Gracias al an\u00e1lisis de las c\u00e1maras de seguridad del supermercado y de una estaci\u00f3n de servicio cercana, se pudo identificar el veh\u00edculo utilizado por los delincuentes. Se determin\u00f3 que, previo al robo, los individuos hab\u00edan cargado combustible en la estaci\u00f3n de servicio, donde uno de ellos pag\u00f3 en efectivo.<\/p>\n\n\n\n<p>La investigaci\u00f3n, llevada a cabo por la Divisi\u00f3n Individualizaci\u00f3n Criminal del Ministerio de Seguridad, utilizando tecnolog\u00eda de reconocimiento facial y an\u00e1lisis de redes sociales, permiti\u00f3 identificar a un hombre de 32 a\u00f1os como uno de los autores del robo. Se descubri\u00f3 que el individuo resid\u00eda en la provincia de Tucum\u00e1n y que formaba parte de una banda delictiva que operaba en las dos provincias. Se presume que utilizaban inhibidores de se\u00f1al para cometer los robos.<\/p>\n\n\n\n<p>Tras la investigaci\u00f3n, que incluy\u00f3 an\u00e1lisis de registros telef\u00f3nicos y la colaboraci\u00f3n de la polic\u00eda de Tucum\u00e1n, se logr\u00f3 la detenci\u00f3n del hombre de 32 a\u00f1os. El individuo fue imputado por el delito de hurto calificado por el uso de llave verdadera, falsa o similar.<\/p>\n\n\n\n<p>El juez de Garant\u00edas 4 Diego Rodr\u00edguez Pipino ante un acuerdo de juicio abreviado consentido por las partes en una audiencia flexible y multiprop\u00f3sito, lo conden\u00f3 a la pena de un a\u00f1o de prisi\u00f3n de ejecuci\u00f3n condicional, sujeta al cumplimiento de reglas de conducta por el t\u00e9rmino de dos a\u00f1os.<\/p>\n\n\n\n<p>Entre las reglas de conducta impuestas, se destacan la prohibici\u00f3n de consumir alcohol y sustancias estupefacientes, la obligaci\u00f3n de fijar y mantener domicilio, la prohibici\u00f3n de acercarse a la v\u00edctima en un radio de quinientos metros y la obligaci\u00f3n de adoptar un oficio para procurarse un medio de vida l\u00edcito.<\/p>\n\n\n\n<p>Por su parte, un hombre de 37 a\u00f1os fue sobrese\u00eddo del delito de robo calificado por el que hab\u00eda sido acusado por no haber participado del hecho por el que hab\u00eda sido imputado.<\/p>\n","protected":false},"excerpt":{"rendered":"<p>El pasado 11 de junio al mediod\u00eda un repartidor de l\u00e1cteos se dirigi\u00f3 a la playa de estacionamiento del Supermercado Libertad luego de realizar las cobranzas de su ruta habitual. Dej\u00f3 su camioneta estacionada frente al sal\u00f3n de comidas con el seguro autom\u00e1tico activado. Al regresar a su veh\u00edculo un par de horas despu\u00e9s, not\u00f3 [&hellip;]<\/p>\n","protected":false},"author":2,"featured_media":87140,"comment_status":"open","ping_status":"open","sticky":false,"template":"","format":"standard","meta":{"tdm_status":"","tdm_grid_status":"","_joinchat":[],"footnotes":""},"categories":[63],"tags":[],"class_list":{"0":"post-87139","1":"post","2":"type-post","3":"status-publish","4":"format-standard","5":"has-post-thumbnail","7":"category-policiales"},"amp_enabled":true,"_links":{"self":[{"href":"https:\/\/www.todoeldia.com\/index.php\/wp-json\/wp\/v2\/posts\/87139","targetHints":{"allow":["GET"]}}],"collection":[{"href":"https:\/\/www.todoeldia.com\/index.php\/wp-json\/wp\/v2\/posts"}],"about":[{"href":"https:\/\/www.todoeldia.com\/index.php\/wp-json\/wp\/v2\/types\/post"}],"author":[{"embeddable":true,"href":"https:\/\/www.todoeldia.com\/index.php\/wp-json\/wp\/v2\/users\/2"}],"replies":[{"embeddable":true,"href":"https:\/\/www.todoeldia.com\/index.php\/wp-json\/wp\/v2\/comments?post=87139"}],"version-history":[{"count":2,"href":"https:\/\/www.todoeldia.com\/index.php\/wp-json\/wp\/v2\/posts\/87139\/revisions"}],"predecessor-version":[{"id":87143,"href":"https:\/\/www.todoeldia.com\/index.php\/wp-json\/wp\/v2\/posts\/87139\/revisions\/87143"}],"wp:featuredmedia":[{"embeddable":true,"href":"https:\/\/www.todoeldia.com\/index.php\/wp-json\/wp\/v2\/media\/87140"}],"wp:attachment":[{"href":"https:\/\/www.todoeldia.com\/index.php\/wp-json\/wp\/v2\/media?parent=87139"}],"wp:term":[{"taxonomy":"category","embeddable":true,"href":"https:\/\/www.todoeldia.com\/index.php\/wp-json\/wp\/v2\/categories?post=87139"},{"taxonomy":"post_tag","embeddable":true,"href":"https:\/\/www.todoeldia.com\/index.php\/wp-json\/wp\/v2\/tags?post=87139"}],"curies":[{"name":"wp","href":"https:\/\/api.w.org\/{rel}","templated":true}]}}