{"id":87146,"date":"2024-11-19T14:46:54","date_gmt":"2024-11-19T17:46:54","guid":{"rendered":"https:\/\/www.todoeldia.com\/?p=87146"},"modified":"2024-11-19T14:48:09","modified_gmt":"2024-11-19T17:48:09","slug":"tras-una-caminata-de-10-horas-por-los-cerros-de-quijano-rescatan-a-una-abuela","status":"publish","type":"post","link":"https:\/\/www.todoeldia.com\/index.php\/2024\/11\/19\/tras-una-caminata-de-10-horas-por-los-cerros-de-quijano-rescatan-a-una-abuela\/","title":{"rendered":"Tras una caminata de 10 horas por los cerros de Quijano rescatan a una abuela"},"content":{"rendered":"\n<p>Tras un operativo de 10 horas de caminata por los cerros, una abuela de 74 a\u00f1os de El Chuschal fu rescatada y trasladada al hospital Dr. Francisco Herrera de Campo Quijano para recibir tratamiento. <\/p>\n\n\n\n<figure class=\"wp-block-image size-full is-resized\"><img loading=\"lazy\" decoding=\"async\" width=\"630\" height=\"569\" src=\"https:\/\/www.todoeldia.com\/wp-content\/uploads\/2024\/11\/image-144.png\" alt=\"\" class=\"wp-image-87151\" style=\"width:1053px;height:auto\" srcset=\"https:\/\/www.todoeldia.com\/wp-content\/uploads\/2024\/11\/image-144.png 630w, https:\/\/www.todoeldia.com\/wp-content\/uploads\/2024\/11\/image-144-300x271.png 300w, https:\/\/www.todoeldia.com\/wp-content\/uploads\/2024\/11\/image-144-465x420.png 465w\" sizes=\"auto, (max-width: 630px) 100vw, 630px\" \/><\/figure>\n\n\n\n<p>Hab\u00eda sufrido una descompensaci\u00f3n por diversas dolencias preexistentes.<\/p>\n\n\n\n<figure class=\"wp-block-image size-full is-resized\"><img loading=\"lazy\" decoding=\"async\" width=\"560\" height=\"315\" src=\"https:\/\/www.todoeldia.com\/wp-content\/uploads\/2024\/11\/image-142.png\" alt=\"\" class=\"wp-image-87148\" style=\"width:1053px;height:auto\" srcset=\"https:\/\/www.todoeldia.com\/wp-content\/uploads\/2024\/11\/image-142.png 560w, https:\/\/www.todoeldia.com\/wp-content\/uploads\/2024\/11\/image-142-300x169.png 300w\" sizes=\"auto, (max-width: 560px) 100vw, 560px\" \/><\/figure>\n\n\n\n<p>La abuela padec\u00eda diabetes, hipertensi\u00f3n y una patolog\u00eda del h\u00edgado que desembocaron en una descompensaci\u00f3n preocupante, por lo cual requer\u00eda atenci\u00f3n m\u00e9dica inmediata. <\/p>\n\n\n\n<figure class=\"wp-block-image size-full is-resized\"><img loading=\"lazy\" decoding=\"async\" width=\"315\" height=\"420\" src=\"https:\/\/www.todoeldia.com\/wp-content\/uploads\/2024\/11\/image-145.png\" alt=\"\" class=\"wp-image-87152\" style=\"width:1053px;height:auto\" srcset=\"https:\/\/www.todoeldia.com\/wp-content\/uploads\/2024\/11\/image-145.png 315w, https:\/\/www.todoeldia.com\/wp-content\/uploads\/2024\/11\/image-145-225x300.png 225w, https:\/\/www.todoeldia.com\/wp-content\/uploads\/2024\/11\/image-145-300x400.png 300w\" sizes=\"auto, (max-width: 315px) 100vw, 315px\" \/><\/figure>\n\n\n\n<p>El traslado tuvo que realizarse a m\u00e1s de 3.000 metros sobre el nivel del mar y en una regi\u00f3n de dif\u00edcil acceso, pero concluy\u00f3 con \u00e9xito. Luego de varias horas de descenso a pie hasta el paraje Incamayo fue trasladada en ambulancia al hospital local y arrib\u00f3 estable y l\u00facida.<\/p>\n\n\n\n<figure class=\"wp-block-image size-large\"><img loading=\"lazy\" decoding=\"async\" width=\"1024\" height=\"576\" src=\"https:\/\/www.todoeldia.com\/wp-content\/uploads\/2024\/11\/image-143-1024x576.png\" alt=\"\" class=\"wp-image-87149\" srcset=\"https:\/\/www.todoeldia.com\/wp-content\/uploads\/2024\/11\/image-143-1024x576.png 1024w, https:\/\/www.todoeldia.com\/wp-content\/uploads\/2024\/11\/image-143-300x169.png 300w, https:\/\/www.todoeldia.com\/wp-content\/uploads\/2024\/11\/image-143-768x432.png 768w, https:\/\/www.todoeldia.com\/wp-content\/uploads\/2024\/11\/image-143-746x420.png 746w, https:\/\/www.todoeldia.com\/wp-content\/uploads\/2024\/11\/image-143-696x392.png 696w, https:\/\/www.todoeldia.com\/wp-content\/uploads\/2024\/11\/image-143.png 1066w\" sizes=\"auto, (max-width: 1024px) 100vw, 1024px\" \/><\/figure>\n\n\n\n<p>En el operativo participaron la Direcci\u00f3n de Protecci\u00f3n Civil municipal, el CREV (Cuerpo de Rescates Especiales Voluntarios), Bomberos de la Polic\u00eda, la Coordinaci\u00f3n Municipal de la Quebrada, baqueanos y personal del hospital Francisco Herrera a cargo del doctor Juan Pablo Castillo.<\/p>\n","protected":false},"excerpt":{"rendered":"<p>Tras un operativo de 10 horas de caminata por los cerros, una abuela de 74 a\u00f1os de El Chuschal fu rescatada y trasladada al hospital Dr. Francisco Herrera de Campo Quijano para recibir tratamiento. Hab\u00eda sufrido una descompensaci\u00f3n por diversas dolencias preexistentes. La abuela padec\u00eda diabetes, hipertensi\u00f3n y una patolog\u00eda del h\u00edgado que desembocaron en [&hellip;]<\/p>\n","protected":false},"author":2,"featured_media":87147,"comment_status":"open","ping_status":"open","sticky":false,"template":"","format":"standard","meta":{"tdm_status":"","tdm_grid_status":"","_joinchat":[],"footnotes":""},"categories":[73],"tags":[],"class_list":{"0":"post-87146","1":"post","2":"type-post","3":"status-publish","4":"format-standard","5":"has-post-thumbnail","7":"category-noticias-general"},"amp_enabled":true,"_links":{"self":[{"href":"https:\/\/www.todoeldia.com\/index.php\/wp-json\/wp\/v2\/posts\/87146","targetHints":{"allow":["GET"]}}],"collection":[{"href":"https:\/\/www.todoeldia.com\/index.php\/wp-json\/wp\/v2\/posts"}],"about":[{"href":"https:\/\/www.todoeldia.com\/index.php\/wp-json\/wp\/v2\/types\/post"}],"author":[{"embeddable":true,"href":"https:\/\/www.todoeldia.com\/index.php\/wp-json\/wp\/v2\/users\/2"}],"replies":[{"embeddable":true,"href":"https:\/\/www.todoeldia.com\/index.php\/wp-json\/wp\/v2\/comments?post=87146"}],"version-history":[{"count":2,"href":"https:\/\/www.todoeldia.com\/index.php\/wp-json\/wp\/v2\/posts\/87146\/revisions"}],"predecessor-version":[{"id":87154,"href":"https:\/\/www.todoeldia.com\/index.php\/wp-json\/wp\/v2\/posts\/87146\/revisions\/87154"}],"wp:featuredmedia":[{"embeddable":true,"href":"https:\/\/www.todoeldia.com\/index.php\/wp-json\/wp\/v2\/media\/87147"}],"wp:attachment":[{"href":"https:\/\/www.todoeldia.com\/index.php\/wp-json\/wp\/v2\/media?parent=87146"}],"wp:term":[{"taxonomy":"category","embeddable":true,"href":"https:\/\/www.todoeldia.com\/index.php\/wp-json\/wp\/v2\/categories?post=87146"},{"taxonomy":"post_tag","embeddable":true,"href":"https:\/\/www.todoeldia.com\/index.php\/wp-json\/wp\/v2\/tags?post=87146"}],"curies":[{"name":"wp","href":"https:\/\/api.w.org\/{rel}","templated":true}]}}