{"id":87155,"date":"2024-11-19T14:53:32","date_gmt":"2024-11-19T17:53:32","guid":{"rendered":"https:\/\/www.todoeldia.com\/?p=87155"},"modified":"2024-11-19T14:53:32","modified_gmt":"2024-11-19T17:53:32","slug":"en-metan-confeccionan-pelucas-para-ayudar-a-pacientes-oncologicos-que-perdieron-su-cabello","status":"publish","type":"post","link":"https:\/\/www.todoeldia.com\/index.php\/2024\/11\/19\/en-metan-confeccionan-pelucas-para-ayudar-a-pacientes-oncologicos-que-perdieron-su-cabello\/","title":{"rendered":"En Metan confeccionan pelucas para ayudar a pacientes oncol\u00f3gicos que perdieron su cabello"},"content":{"rendered":"\n<p>La Municipalidad de San Jos\u00e9 de Met\u00e1n, a trav\u00e9s del Centro Integrador Comunitario de barrio El Crest\u00f3n, llevaron a cabo un importante proyecto enfocado en apoyar a pacientes oncol\u00f3gicos. &#8220;Este esfuerzo conjunto ha sido posible gracias al trabajo colaborativo de capacitadores locales, como la profesora de peluquer\u00eda Cintia Paz, y la llegada de la Fundaci\u00f3n Pelucas Solidarias desde Baradero, Buenos Aires&#8221; se\u00f1alaron desde el ejecutivo.<\/p>\n\n\n\n<p>Durante la visita de la fundaci\u00f3n, representada por Liliana y otras integrantes, se realizaron talleres de confecci\u00f3n de pelucas en los que participaron capacitadores del CIC y coordinados por la profesora Antonia Amengual y el responsable de la Unidad Territorial Maximiliano Brahim.<\/p>\n\n\n\n<p>Esta iniciativa busca otorgar herramientas y conocimientos a los profesionales locales para que puedan confeccionar pelucas artesanales y livianas, ofreciendo una alternativa accesible a personas que, por razones de salud, han perdido su cabello.<\/p>\n\n\n\n<p>El proyecto que cuenta con el aporte del municipio, que provey\u00f3 los materiales necesarios para el taller. \u201cEs importante destacar que este esfuerzo no habr\u00eda sido posible sin el apoyo municipal, que permite que estas acciones se concreten y beneficien a quienes m\u00e1s lo necesitan\u201d, enfatiz\u00f3 Amengual.<\/p>\n\n\n\n<p>Adem\u00e1s, la llegada de la Fundaci\u00f3n Pelucas Solidarias complementa otras medidas implementadas por la municipalidad, como el uso de cascos fr\u00edos para evitar la p\u00e9rdida de cabello en tratamientos oncol\u00f3gicos. \u201cHoy podemos ofrecer dos soluciones: la prevenci\u00f3n con los cascos fr\u00edos y las pelucas para quienes ya hayan perdido su cabello\u201d, coment\u00f3 Brahim, resaltando la sensibilidad y el enfoque social del proyecto.<\/p>\n","protected":false},"excerpt":{"rendered":"<p>La Municipalidad de San Jos\u00e9 de Met\u00e1n, a trav\u00e9s del Centro Integrador Comunitario de barrio El Crest\u00f3n, llevaron a cabo un importante proyecto enfocado en apoyar a pacientes oncol\u00f3gicos. &#8220;Este esfuerzo conjunto ha sido posible gracias al trabajo colaborativo de capacitadores locales, como la profesora de peluquer\u00eda Cintia Paz, y la llegada de la Fundaci\u00f3n [&hellip;]<\/p>\n","protected":false},"author":2,"featured_media":87156,"comment_status":"open","ping_status":"open","sticky":false,"template":"","format":"standard","meta":{"tdm_status":"","tdm_grid_status":"","_joinchat":[],"footnotes":""},"categories":[73],"tags":[],"class_list":{"0":"post-87155","1":"post","2":"type-post","3":"status-publish","4":"format-standard","5":"has-post-thumbnail","7":"category-noticias-general"},"amp_enabled":true,"_links":{"self":[{"href":"https:\/\/www.todoeldia.com\/index.php\/wp-json\/wp\/v2\/posts\/87155","targetHints":{"allow":["GET"]}}],"collection":[{"href":"https:\/\/www.todoeldia.com\/index.php\/wp-json\/wp\/v2\/posts"}],"about":[{"href":"https:\/\/www.todoeldia.com\/index.php\/wp-json\/wp\/v2\/types\/post"}],"author":[{"embeddable":true,"href":"https:\/\/www.todoeldia.com\/index.php\/wp-json\/wp\/v2\/users\/2"}],"replies":[{"embeddable":true,"href":"https:\/\/www.todoeldia.com\/index.php\/wp-json\/wp\/v2\/comments?post=87155"}],"version-history":[{"count":1,"href":"https:\/\/www.todoeldia.com\/index.php\/wp-json\/wp\/v2\/posts\/87155\/revisions"}],"predecessor-version":[{"id":87157,"href":"https:\/\/www.todoeldia.com\/index.php\/wp-json\/wp\/v2\/posts\/87155\/revisions\/87157"}],"wp:featuredmedia":[{"embeddable":true,"href":"https:\/\/www.todoeldia.com\/index.php\/wp-json\/wp\/v2\/media\/87156"}],"wp:attachment":[{"href":"https:\/\/www.todoeldia.com\/index.php\/wp-json\/wp\/v2\/media?parent=87155"}],"wp:term":[{"taxonomy":"category","embeddable":true,"href":"https:\/\/www.todoeldia.com\/index.php\/wp-json\/wp\/v2\/categories?post=87155"},{"taxonomy":"post_tag","embeddable":true,"href":"https:\/\/www.todoeldia.com\/index.php\/wp-json\/wp\/v2\/tags?post=87155"}],"curies":[{"name":"wp","href":"https:\/\/api.w.org\/{rel}","templated":true}]}}