{"id":87158,"date":"2024-11-19T14:59:37","date_gmt":"2024-11-19T17:59:37","guid":{"rendered":"https:\/\/www.todoeldia.com\/?p=87158"},"modified":"2024-11-19T14:59:38","modified_gmt":"2024-11-19T17:59:38","slug":"agustin-rossi-a-saenz-si-no-estas-afiliado-al-pj-no-te-metas-en-las-cosas-del-partido","status":"publish","type":"post","link":"https:\/\/www.todoeldia.com\/index.php\/2024\/11\/19\/agustin-rossi-a-saenz-si-no-estas-afiliado-al-pj-no-te-metas-en-las-cosas-del-partido\/","title":{"rendered":"Agust\u00edn Rossi a S\u00e1enz: \u201cSi no est\u00e1s afiliado al PJ no te metas en las cosas del partido\u201d"},"content":{"rendered":"\n<p>El ex jefe de Gabinete de Ministros le reclam\u00f3 al Gobernador haberse animado a decir que la etapa de Cristina estaba concluida.<\/p>\n\n\n\n<p>El ex jefe de Gabinete de Ministros marc\u00f3 que la causa Vialidad tiene muchas irregularidades, entre ellas la m\u00e1s manifiesta, el supuesto delito cometido en niveles de la administraci\u00f3n much\u00edsimos m\u00e1s bajos, por lo que queda en evidencia la intenci\u00f3n de involucrar a Cristina como sea.<\/p>\n\n\n\n<p>\u201cLo que se buscaba no era solo la condena sino la inhabilitaci\u00f3n a ejercer cargos p\u00fablicos.<\/p>\n\n\n\n<p>Rossi cuestion\u00f3 la doble vara del poder judicial porque \u2013afirm\u00f3- \u201csi sos peronista te juzgan con un c\u00f3digo penal y sino con otro, como Macri que ha logado salir ileso en las denuncias en su contra o los negocios que se est\u00e1n conformando alrededor de Milei\u201d.<\/p>\n\n\n\n<p>Por FM Noticias, opin\u00f3 tambi\u00e9n sobre la representatividad del peronismo en las provincias y sobre el Gobernador de Salta, dijo: \u201cGustavo S\u00e1enz hace tiempo que dej\u00f3 de ser miembro del Partido Justicialista, tiene su propio partido y el otro d\u00eda se anim\u00f3 a decir que la etapa de Cristina estaba concluida\u2026zapatero a su zapateo, si no est\u00e1s afiliado al PJ no te metas en las cosas del partido\u201d. Fuente: Fuego amigo-FM Noticias 88.1<\/p>\n","protected":false},"excerpt":{"rendered":"<p>El ex jefe de Gabinete de Ministros le reclam\u00f3 al Gobernador haberse animado a decir que la etapa de Cristina estaba concluida. El ex jefe de Gabinete de Ministros marc\u00f3 que la causa Vialidad tiene muchas irregularidades, entre ellas la m\u00e1s manifiesta, el supuesto delito cometido en niveles de la administraci\u00f3n much\u00edsimos m\u00e1s bajos, por [&hellip;]<\/p>\n","protected":false},"author":2,"featured_media":87159,"comment_status":"open","ping_status":"open","sticky":false,"template":"","format":"standard","meta":{"tdm_status":"","tdm_grid_status":"","_joinchat":[],"footnotes":""},"categories":[59],"tags":[],"class_list":{"0":"post-87158","1":"post","2":"type-post","3":"status-publish","4":"format-standard","5":"has-post-thumbnail","7":"category-politica"},"amp_enabled":true,"_links":{"self":[{"href":"https:\/\/www.todoeldia.com\/index.php\/wp-json\/wp\/v2\/posts\/87158","targetHints":{"allow":["GET"]}}],"collection":[{"href":"https:\/\/www.todoeldia.com\/index.php\/wp-json\/wp\/v2\/posts"}],"about":[{"href":"https:\/\/www.todoeldia.com\/index.php\/wp-json\/wp\/v2\/types\/post"}],"author":[{"embeddable":true,"href":"https:\/\/www.todoeldia.com\/index.php\/wp-json\/wp\/v2\/users\/2"}],"replies":[{"embeddable":true,"href":"https:\/\/www.todoeldia.com\/index.php\/wp-json\/wp\/v2\/comments?post=87158"}],"version-history":[{"count":1,"href":"https:\/\/www.todoeldia.com\/index.php\/wp-json\/wp\/v2\/posts\/87158\/revisions"}],"predecessor-version":[{"id":87160,"href":"https:\/\/www.todoeldia.com\/index.php\/wp-json\/wp\/v2\/posts\/87158\/revisions\/87160"}],"wp:featuredmedia":[{"embeddable":true,"href":"https:\/\/www.todoeldia.com\/index.php\/wp-json\/wp\/v2\/media\/87159"}],"wp:attachment":[{"href":"https:\/\/www.todoeldia.com\/index.php\/wp-json\/wp\/v2\/media?parent=87158"}],"wp:term":[{"taxonomy":"category","embeddable":true,"href":"https:\/\/www.todoeldia.com\/index.php\/wp-json\/wp\/v2\/categories?post=87158"},{"taxonomy":"post_tag","embeddable":true,"href":"https:\/\/www.todoeldia.com\/index.php\/wp-json\/wp\/v2\/tags?post=87158"}],"curies":[{"name":"wp","href":"https:\/\/api.w.org\/{rel}","templated":true}]}}