{"id":87167,"date":"2024-11-19T15:23:10","date_gmt":"2024-11-19T18:23:10","guid":{"rendered":"https:\/\/www.todoeldia.com\/?p=87167"},"modified":"2024-11-19T15:23:10","modified_gmt":"2024-11-19T18:23:10","slug":"milei-se-ausento-de-la-foto-oficial-de-la-cumbre-del-g20","status":"publish","type":"post","link":"https:\/\/www.todoeldia.com\/index.php\/2024\/11\/19\/milei-se-ausento-de-la-foto-oficial-de-la-cumbre-del-g20\/","title":{"rendered":"Milei se ausent\u00f3 de la foto oficial de la Cumbre del G20"},"content":{"rendered":"\n<p>Fuentes oficiales revelaron la ausencia se debi\u00f3 a que el retrato fue tomado al momento de la reuni\u00f3n con la titular del Fondo Monetario Internacional (FMI), Kristalina Georgieva.<\/p>\n\n\n\n<p>El presidente Javier Milei sorprendi\u00f3 hoy al ausentarse de la foto de familia que protagonizaron los jefes de Estado que asistieron a la Cumbre del Grupo de los 20 en R\u00edo de Janeiro.<\/p>\n\n\n\n<p>Al cierre del evento que se realiz\u00f3 en el Museo de Arte Moderno, los representantes presentes se nuclearon para inmortalizar el momento y pese a haber participado, el libertario no estuvo presente.<\/p>\n\n\n\n<p>Seg\u00fan detallan fuentes oficiales, la ausencia se debi\u00f3 a que el retrato fue tomado al momento de la reuni\u00f3n del jefe de Estado con la titular del Fondo Monetario Internacional (FMI), Kristalina Georgieva, y por superposici\u00f3n de actividades no pudo estar. Sin embargo, se la ve a la titular del organismo internacional en la postal.<\/p>\n","protected":false},"excerpt":{"rendered":"<p>Fuentes oficiales revelaron la ausencia se debi\u00f3 a que el retrato fue tomado al momento de la reuni\u00f3n con la titular del Fondo Monetario Internacional (FMI), Kristalina Georgieva. El presidente Javier Milei sorprendi\u00f3 hoy al ausentarse de la foto de familia que protagonizaron los jefes de Estado que asistieron a la Cumbre del Grupo de [&hellip;]<\/p>\n","protected":false},"author":2,"featured_media":87168,"comment_status":"open","ping_status":"open","sticky":false,"template":"","format":"standard","meta":{"tdm_status":"","tdm_grid_status":"","_joinchat":[],"footnotes":""},"categories":[59],"tags":[],"class_list":{"0":"post-87167","1":"post","2":"type-post","3":"status-publish","4":"format-standard","5":"has-post-thumbnail","7":"category-politica"},"amp_enabled":true,"_links":{"self":[{"href":"https:\/\/www.todoeldia.com\/index.php\/wp-json\/wp\/v2\/posts\/87167","targetHints":{"allow":["GET"]}}],"collection":[{"href":"https:\/\/www.todoeldia.com\/index.php\/wp-json\/wp\/v2\/posts"}],"about":[{"href":"https:\/\/www.todoeldia.com\/index.php\/wp-json\/wp\/v2\/types\/post"}],"author":[{"embeddable":true,"href":"https:\/\/www.todoeldia.com\/index.php\/wp-json\/wp\/v2\/users\/2"}],"replies":[{"embeddable":true,"href":"https:\/\/www.todoeldia.com\/index.php\/wp-json\/wp\/v2\/comments?post=87167"}],"version-history":[{"count":1,"href":"https:\/\/www.todoeldia.com\/index.php\/wp-json\/wp\/v2\/posts\/87167\/revisions"}],"predecessor-version":[{"id":87169,"href":"https:\/\/www.todoeldia.com\/index.php\/wp-json\/wp\/v2\/posts\/87167\/revisions\/87169"}],"wp:featuredmedia":[{"embeddable":true,"href":"https:\/\/www.todoeldia.com\/index.php\/wp-json\/wp\/v2\/media\/87168"}],"wp:attachment":[{"href":"https:\/\/www.todoeldia.com\/index.php\/wp-json\/wp\/v2\/media?parent=87167"}],"wp:term":[{"taxonomy":"category","embeddable":true,"href":"https:\/\/www.todoeldia.com\/index.php\/wp-json\/wp\/v2\/categories?post=87167"},{"taxonomy":"post_tag","embeddable":true,"href":"https:\/\/www.todoeldia.com\/index.php\/wp-json\/wp\/v2\/tags?post=87167"}],"curies":[{"name":"wp","href":"https:\/\/api.w.org\/{rel}","templated":true}]}}