{"id":87170,"date":"2024-11-19T15:32:44","date_gmt":"2024-11-19T18:32:44","guid":{"rendered":"https:\/\/www.todoeldia.com\/?p=87170"},"modified":"2024-11-19T15:32:44","modified_gmt":"2024-11-19T18:32:44","slug":"la-justicia-de-entre-rios-detuvo-a-sergio-urribarri-el-ex-gobernador-k-condenado-por-corrupcion","status":"publish","type":"post","link":"https:\/\/www.todoeldia.com\/index.php\/2024\/11\/19\/la-justicia-de-entre-rios-detuvo-a-sergio-urribarri-el-ex-gobernador-k-condenado-por-corrupcion\/","title":{"rendered":"La Justicia de Entre R\u00edos detuvo a Sergio Urribarri, el ex gobernador K condenado por corrupci\u00f3n"},"content":{"rendered":"\n<p>La C\u00e1mara de Casaci\u00f3n de la provincia dispuso su captura inmediata y la detenci\u00f3n en la Unidad Carcelaria 1 de la provincia.<\/p>\n\n\n\n<p>La medida incluye al cu\u00f1ado del ex mandatario, Juan Pablo Olivera.<\/p>\n\n\n\n<p>La Justicia detuvo este martes al ex gobernador de Entre R\u00edos y ex embajador en Israel Sergio Urribarri. La decisi\u00f3n se dio luego del fallo de la C\u00e1mara de Casaci\u00f3n de Entre R\u00edos que dispuso este martes la prisi\u00f3n efectiva inmediata en la causa por corrupci\u00f3n en que hab\u00eda sido condenado en el 2022, tras una investigaci\u00f3n de la ex fiscal Cecilia Goyeneche.<\/p>\n\n\n\n<figure class=\"wp-block-image size-full is-resized\"><img loading=\"lazy\" decoding=\"async\" width=\"596\" height=\"388\" src=\"https:\/\/www.todoeldia.com\/wp-content\/uploads\/2024\/11\/image-146.png\" alt=\"\" class=\"wp-image-87172\" style=\"width:1053px;height:auto\" srcset=\"https:\/\/www.todoeldia.com\/wp-content\/uploads\/2024\/11\/image-146.png 596w, https:\/\/www.todoeldia.com\/wp-content\/uploads\/2024\/11\/image-146-300x195.png 300w\" sizes=\"auto, (max-width: 596px) 100vw, 596px\" \/><\/figure>\n\n\n\n<p>El fallo est\u00e1 firmado en forma un\u00e1nime por los vocales de la C\u00e1mara de Casaci\u00f3n de Paran\u00e1, Dras. Marcela Davite, Marcela Badano y Mar\u00eda Evangelina Bruzzo. Gracias a su alianza con Cristina Kirchner, en el 2020 Urribarri fue nombrado embajador en Israel del gobierno de Alberto Fern\u00e1ndez y la ex presidenta.<\/p>\n\n\n\n<p>Los fiscales hab\u00edan pedido el cumplimiento de la condena de Urribarri y de Juan Pablo Aguilera, y luego de dar por &#8220;acreditados los requisitos de admisibilidad del recurso, afirmaron que para &#8220;los mismos solicitaban la prisi\u00f3n preventiva efectiva, fundada particularmente en el riesgo serio de fuga, en atenci\u00f3n al monto de la pena y modo de ejecuci\u00f3n impuestos por sentencia de 07\/04\/2022&#8221;.<\/p>\n\n\n\n<p>Para los fiscales &#8220;tambi\u00e9n han quedado comprobadas las facilidades que tienen los imputados para abandonar el pa\u00eds o permanecer ocultos: se trata de personas con recursos econ\u00f3micos, que adem\u00e1s se encuentran \u00edntimamente vinculados a personas que pueden ayudarlos econ\u00f3micamente, que tienen capacidad para trasladarse de un lugar a otro y v\u00ednculos en el extranjero&#8221;.<\/p>\n","protected":false},"excerpt":{"rendered":"<p>La C\u00e1mara de Casaci\u00f3n de la provincia dispuso su captura inmediata y la detenci\u00f3n en la Unidad Carcelaria 1 de la provincia. La medida incluye al cu\u00f1ado del ex mandatario, Juan Pablo Olivera. La Justicia detuvo este martes al ex gobernador de Entre R\u00edos y ex embajador en Israel Sergio Urribarri. La decisi\u00f3n se dio [&hellip;]<\/p>\n","protected":false},"author":2,"featured_media":87171,"comment_status":"open","ping_status":"open","sticky":false,"template":"","format":"standard","meta":{"tdm_status":"","tdm_grid_status":"","_joinchat":[],"footnotes":""},"categories":[63],"tags":[],"class_list":{"0":"post-87170","1":"post","2":"type-post","3":"status-publish","4":"format-standard","5":"has-post-thumbnail","7":"category-policiales"},"amp_enabled":true,"_links":{"self":[{"href":"https:\/\/www.todoeldia.com\/index.php\/wp-json\/wp\/v2\/posts\/87170","targetHints":{"allow":["GET"]}}],"collection":[{"href":"https:\/\/www.todoeldia.com\/index.php\/wp-json\/wp\/v2\/posts"}],"about":[{"href":"https:\/\/www.todoeldia.com\/index.php\/wp-json\/wp\/v2\/types\/post"}],"author":[{"embeddable":true,"href":"https:\/\/www.todoeldia.com\/index.php\/wp-json\/wp\/v2\/users\/2"}],"replies":[{"embeddable":true,"href":"https:\/\/www.todoeldia.com\/index.php\/wp-json\/wp\/v2\/comments?post=87170"}],"version-history":[{"count":1,"href":"https:\/\/www.todoeldia.com\/index.php\/wp-json\/wp\/v2\/posts\/87170\/revisions"}],"predecessor-version":[{"id":87173,"href":"https:\/\/www.todoeldia.com\/index.php\/wp-json\/wp\/v2\/posts\/87170\/revisions\/87173"}],"wp:featuredmedia":[{"embeddable":true,"href":"https:\/\/www.todoeldia.com\/index.php\/wp-json\/wp\/v2\/media\/87171"}],"wp:attachment":[{"href":"https:\/\/www.todoeldia.com\/index.php\/wp-json\/wp\/v2\/media?parent=87170"}],"wp:term":[{"taxonomy":"category","embeddable":true,"href":"https:\/\/www.todoeldia.com\/index.php\/wp-json\/wp\/v2\/categories?post=87170"},{"taxonomy":"post_tag","embeddable":true,"href":"https:\/\/www.todoeldia.com\/index.php\/wp-json\/wp\/v2\/tags?post=87170"}],"curies":[{"name":"wp","href":"https:\/\/api.w.org\/{rel}","templated":true}]}}