{"id":87178,"date":"2024-11-19T22:06:44","date_gmt":"2024-11-20T01:06:44","guid":{"rendered":"https:\/\/www.todoeldia.com\/?p=87178"},"modified":"2024-11-19T22:06:44","modified_gmt":"2024-11-20T01:06:44","slug":"investigan-un-homicidio-en-tartagal","status":"publish","type":"post","link":"https:\/\/www.todoeldia.com\/index.php\/2024\/11\/19\/investigan-un-homicidio-en-tartagal\/","title":{"rendered":"Investigan un homicidio en Tartagal"},"content":{"rendered":"\n<p>Un hombre fue lesionado con un arma blanca el pasado s\u00e1bado por la ma\u00f1ana en Tartagal y falleci\u00f3 horas despu\u00e9s en el hospital local.<\/p>\n\n\n\n<p>Se est\u00e1n investigando las circunstancias en las que ocurri\u00f3 la agresi\u00f3n y se realizan tareas para localizar y detener al o los responsables.<\/p>\n\n\n\n<p>El fiscal penal de la Unidad de Graves Atentados contra las Personas de Tartagal, Gonzalo Ariel Vega, tom\u00f3 intervenci\u00f3n ante un hecho ocurrido el pasado s\u00e1bado en horas de la ma\u00f1ana, cuando un hombre de 31 a\u00f1os result\u00f3 herido de arma blanca en el barrio Norte Grande de esa ciudad y falleci\u00f3 en horas de la tarde en el hospital local.<\/p>\n\n\n\n<p>El fiscal Vega dispuso el trabajo del personal de Criminal\u00edstica en el lugar para llevar a cabo las pericias correspondientes. El cuerpo del fallecido fue trasladado al Servicio de Tanatolog\u00eda Forense del CIF Or\u00e1n, a fin de realizarse la autopsia.<\/p>\n\n\n\n<p>Asegur\u00f3 adem\u00e1s que se encuentran en cumplimiento todas las medidas pertinentes para esclarecer lo sucedido y establecer las circunstancias en que se produjo el hecho.<\/p>\n\n\n\n<p>Las tareas investigativas est\u00e1n a cargo del personal de la Unidad de Investigaci\u00f3n UGAP, que se encuentra trabajando en la detenci\u00f3n del o los posibles responsables.<\/p>\n","protected":false},"excerpt":{"rendered":"<p>Un hombre fue lesionado con un arma blanca el pasado s\u00e1bado por la ma\u00f1ana en Tartagal y falleci\u00f3 horas despu\u00e9s en el hospital local. Se est\u00e1n investigando las circunstancias en las que ocurri\u00f3 la agresi\u00f3n y se realizan tareas para localizar y detener al o los responsables. El fiscal penal de la Unidad de Graves [&hellip;]<\/p>\n","protected":false},"author":2,"featured_media":25704,"comment_status":"open","ping_status":"open","sticky":false,"template":"","format":"standard","meta":{"tdm_status":"","tdm_grid_status":"","_joinchat":[],"footnotes":""},"categories":[63],"tags":[],"class_list":{"0":"post-87178","1":"post","2":"type-post","3":"status-publish","4":"format-standard","5":"has-post-thumbnail","7":"category-policiales"},"amp_enabled":true,"_links":{"self":[{"href":"https:\/\/www.todoeldia.com\/index.php\/wp-json\/wp\/v2\/posts\/87178","targetHints":{"allow":["GET"]}}],"collection":[{"href":"https:\/\/www.todoeldia.com\/index.php\/wp-json\/wp\/v2\/posts"}],"about":[{"href":"https:\/\/www.todoeldia.com\/index.php\/wp-json\/wp\/v2\/types\/post"}],"author":[{"embeddable":true,"href":"https:\/\/www.todoeldia.com\/index.php\/wp-json\/wp\/v2\/users\/2"}],"replies":[{"embeddable":true,"href":"https:\/\/www.todoeldia.com\/index.php\/wp-json\/wp\/v2\/comments?post=87178"}],"version-history":[{"count":1,"href":"https:\/\/www.todoeldia.com\/index.php\/wp-json\/wp\/v2\/posts\/87178\/revisions"}],"predecessor-version":[{"id":87179,"href":"https:\/\/www.todoeldia.com\/index.php\/wp-json\/wp\/v2\/posts\/87178\/revisions\/87179"}],"wp:featuredmedia":[{"embeddable":true,"href":"https:\/\/www.todoeldia.com\/index.php\/wp-json\/wp\/v2\/media\/25704"}],"wp:attachment":[{"href":"https:\/\/www.todoeldia.com\/index.php\/wp-json\/wp\/v2\/media?parent=87178"}],"wp:term":[{"taxonomy":"category","embeddable":true,"href":"https:\/\/www.todoeldia.com\/index.php\/wp-json\/wp\/v2\/categories?post=87178"},{"taxonomy":"post_tag","embeddable":true,"href":"https:\/\/www.todoeldia.com\/index.php\/wp-json\/wp\/v2\/tags?post=87178"}],"curies":[{"name":"wp","href":"https:\/\/api.w.org\/{rel}","templated":true}]}}