{"id":87199,"date":"2024-11-20T12:58:33","date_gmt":"2024-11-20T15:58:33","guid":{"rendered":"https:\/\/www.todoeldia.com\/?p=87199"},"modified":"2024-11-20T12:58:33","modified_gmt":"2024-11-20T15:58:33","slug":"el-intendente-de-oran-lara-gros-gasto-en-6-meses-mas-de-500-millones-en-ayuda-social","status":"publish","type":"post","link":"https:\/\/www.todoeldia.com\/index.php\/2024\/11\/20\/el-intendente-de-oran-lara-gros-gasto-en-6-meses-mas-de-500-millones-en-ayuda-social\/","title":{"rendered":"El Intendente de Oran, Lara Gros gasto en 6 meses m\u00e1s de 500 millones en ayuda social"},"content":{"rendered":"\n<p>En su segunda ejecuci\u00f3n presupuestaria enviada por el intendente Baltasar Lara Gros, se reflejan gastos importantes que ascendieron del primer trimestre al segundo trimestre, de lo cual se pidi\u00f3 informes desde el Concejo Deliberante De Or\u00e1n y el intendente nunca contest\u00f3, dejando en claro el incumplimiento a los deberes de funcionario p\u00fablico.<\/p>\n\n\n\n<p>Unos de los gastos exagerados que realizo el ejecutivo y que llama la atenci\u00f3n fue en concepto de Ayuda Social donde se usaron en el primer trimestre $195.336.877 y en el segundo trimestre $307.526.243.<\/p>\n\n\n\n<p>El gasto total en ayuda social en 6 meses ascendi\u00f3 a $502.863.120 sin que hasta el momento se conozca una rendici\u00f3n del monto utilizado y quienes fueron los beneficiarios.<\/p>\n\n\n\n<p>La informaci\u00f3n fue brindada por la concejal Alejandra Pato desde sus Redes Oficiales,<\/p>\n","protected":false},"excerpt":{"rendered":"<p>En su segunda ejecuci\u00f3n presupuestaria enviada por el intendente Baltasar Lara Gros, se reflejan gastos importantes que ascendieron del primer trimestre al segundo trimestre, de lo cual se pidi\u00f3 informes desde el Concejo Deliberante De Or\u00e1n y el intendente nunca contest\u00f3, dejando en claro el incumplimiento a los deberes de funcionario p\u00fablico. Unos de los [&hellip;]<\/p>\n","protected":false},"author":2,"featured_media":70567,"comment_status":"open","ping_status":"open","sticky":false,"template":"","format":"standard","meta":{"tdm_status":"","tdm_grid_status":"","_joinchat":[],"footnotes":""},"categories":[59],"tags":[],"class_list":{"0":"post-87199","1":"post","2":"type-post","3":"status-publish","4":"format-standard","5":"has-post-thumbnail","7":"category-politica"},"amp_enabled":true,"_links":{"self":[{"href":"https:\/\/www.todoeldia.com\/index.php\/wp-json\/wp\/v2\/posts\/87199","targetHints":{"allow":["GET"]}}],"collection":[{"href":"https:\/\/www.todoeldia.com\/index.php\/wp-json\/wp\/v2\/posts"}],"about":[{"href":"https:\/\/www.todoeldia.com\/index.php\/wp-json\/wp\/v2\/types\/post"}],"author":[{"embeddable":true,"href":"https:\/\/www.todoeldia.com\/index.php\/wp-json\/wp\/v2\/users\/2"}],"replies":[{"embeddable":true,"href":"https:\/\/www.todoeldia.com\/index.php\/wp-json\/wp\/v2\/comments?post=87199"}],"version-history":[{"count":1,"href":"https:\/\/www.todoeldia.com\/index.php\/wp-json\/wp\/v2\/posts\/87199\/revisions"}],"predecessor-version":[{"id":87200,"href":"https:\/\/www.todoeldia.com\/index.php\/wp-json\/wp\/v2\/posts\/87199\/revisions\/87200"}],"wp:featuredmedia":[{"embeddable":true,"href":"https:\/\/www.todoeldia.com\/index.php\/wp-json\/wp\/v2\/media\/70567"}],"wp:attachment":[{"href":"https:\/\/www.todoeldia.com\/index.php\/wp-json\/wp\/v2\/media?parent=87199"}],"wp:term":[{"taxonomy":"category","embeddable":true,"href":"https:\/\/www.todoeldia.com\/index.php\/wp-json\/wp\/v2\/categories?post=87199"},{"taxonomy":"post_tag","embeddable":true,"href":"https:\/\/www.todoeldia.com\/index.php\/wp-json\/wp\/v2\/tags?post=87199"}],"curies":[{"name":"wp","href":"https:\/\/api.w.org\/{rel}","templated":true}]}}