{"id":87204,"date":"2024-11-20T13:13:35","date_gmt":"2024-11-20T16:13:35","guid":{"rendered":"https:\/\/www.todoeldia.com\/?p=87204"},"modified":"2024-11-20T13:13:35","modified_gmt":"2024-11-20T16:13:35","slug":"paran-otro-camion-en-salvador-mazza-con-43-kilos-de-cocaina","status":"publish","type":"post","link":"https:\/\/www.todoeldia.com\/index.php\/2024\/11\/20\/paran-otro-camion-en-salvador-mazza-con-43-kilos-de-cocaina\/","title":{"rendered":"Paran otro cami\u00f3n en Salvador Mazza con 43 kilos de coca\u00edna"},"content":{"rendered":"\n<p>Un cargamento de 43 kilos de coca\u00edna, identificado con la marca del narco Delf\u00edn Castedo, fue interceptado por Gendarmer\u00eda Nacional en un cami\u00f3n cisterna que intentaba cruzar la frontera en Salvador Mazza. El operativo se llev\u00f3 a cabo el pasado 16 de noviembre en el puesto aduanero de Pocitos, durante un control de rutina.<\/p>\n\n\n\n<p>El hallazgo comenz\u00f3 cuando un escaneo detect\u00f3 algo extra\u00f1o en la estructura del veh\u00edculo. Al realizar una inspecci\u00f3n m\u00e1s detallada, los agentes se enfocaron en la zona trasera de la cabina del cami\u00f3n, donde descubrieron una sofisticada estructura de plomo con tres compartimentos ocultos. En uno de ellos, encontraron 42 paquetes rectangulares amarillos que, tras las pruebas correspondientes, dieron positivo para coca\u00edna.<\/p>\n\n\n\n<p>La droga llevaba la marca del delf\u00edn, un sello que ha aparecido en otros operativos vinculados al narcotr\u00e1fico en Salta, Jujuy y Buenos Aires, reforzando la hip\u00f3tesis de que el cargamento est\u00e1 relacionado con el conocido narco Delf\u00edn Castedo.<\/p>\n\n\n\n<p>El conductor del cami\u00f3n fue detenido, y tanto el veh\u00edculo como sus pertenencias quedaron bajo custodia. Seg\u00fan fuentes oficiales, el valor estimado de la droga incautada supera los 654.150 d\u00f3lares estadounidenses.<\/p>\n","protected":false},"excerpt":{"rendered":"<p>Un cargamento de 43 kilos de coca\u00edna, identificado con la marca del narco Delf\u00edn Castedo, fue interceptado por Gendarmer\u00eda Nacional en un cami\u00f3n cisterna que intentaba cruzar la frontera en Salvador Mazza. El operativo se llev\u00f3 a cabo el pasado 16 de noviembre en el puesto aduanero de Pocitos, durante un control de rutina. El [&hellip;]<\/p>\n","protected":false},"author":2,"featured_media":85075,"comment_status":"open","ping_status":"open","sticky":false,"template":"","format":"standard","meta":{"tdm_status":"","tdm_grid_status":"","_joinchat":[],"footnotes":""},"categories":[63],"tags":[],"class_list":{"0":"post-87204","1":"post","2":"type-post","3":"status-publish","4":"format-standard","5":"has-post-thumbnail","7":"category-policiales"},"amp_enabled":true,"_links":{"self":[{"href":"https:\/\/www.todoeldia.com\/index.php\/wp-json\/wp\/v2\/posts\/87204","targetHints":{"allow":["GET"]}}],"collection":[{"href":"https:\/\/www.todoeldia.com\/index.php\/wp-json\/wp\/v2\/posts"}],"about":[{"href":"https:\/\/www.todoeldia.com\/index.php\/wp-json\/wp\/v2\/types\/post"}],"author":[{"embeddable":true,"href":"https:\/\/www.todoeldia.com\/index.php\/wp-json\/wp\/v2\/users\/2"}],"replies":[{"embeddable":true,"href":"https:\/\/www.todoeldia.com\/index.php\/wp-json\/wp\/v2\/comments?post=87204"}],"version-history":[{"count":1,"href":"https:\/\/www.todoeldia.com\/index.php\/wp-json\/wp\/v2\/posts\/87204\/revisions"}],"predecessor-version":[{"id":87205,"href":"https:\/\/www.todoeldia.com\/index.php\/wp-json\/wp\/v2\/posts\/87204\/revisions\/87205"}],"wp:featuredmedia":[{"embeddable":true,"href":"https:\/\/www.todoeldia.com\/index.php\/wp-json\/wp\/v2\/media\/85075"}],"wp:attachment":[{"href":"https:\/\/www.todoeldia.com\/index.php\/wp-json\/wp\/v2\/media?parent=87204"}],"wp:term":[{"taxonomy":"category","embeddable":true,"href":"https:\/\/www.todoeldia.com\/index.php\/wp-json\/wp\/v2\/categories?post=87204"},{"taxonomy":"post_tag","embeddable":true,"href":"https:\/\/www.todoeldia.com\/index.php\/wp-json\/wp\/v2\/tags?post=87204"}],"curies":[{"name":"wp","href":"https:\/\/api.w.org\/{rel}","templated":true}]}}