{"id":87206,"date":"2024-11-20T13:56:14","date_gmt":"2024-11-20T16:56:14","guid":{"rendered":"https:\/\/www.todoeldia.com\/?p=87206"},"modified":"2024-11-20T13:56:14","modified_gmt":"2024-11-20T16:56:14","slug":"recapturaron-a-otro-de-los-presos-que-se-fugo-de-la-comisaria-de-r-de-la-frontera","status":"publish","type":"post","link":"https:\/\/www.todoeldia.com\/index.php\/2024\/11\/20\/recapturaron-a-otro-de-los-presos-que-se-fugo-de-la-comisaria-de-r-de-la-frontera\/","title":{"rendered":"Recapturaron a otro de los presos que se fug\u00f3 de la comisaria de R\u00b0 de la Frontera"},"content":{"rendered":"\n<p>En el marco del importante operativo desplegado para recapturar a los detenidos que lograron escapar a trav\u00e9s de un boquete en el edificio, se recaptur\u00f3 al segundo de los cinco hombres.<\/p>\n\n\n\n<p>El fiscal penal de Rosario de la Frontera, Oscar L\u00f3pez Ibarra, investiga la evasi\u00f3n de cinco detenidos que se encontraban alojados en base Belgrano de esa ciudad, quienes se fugaron por un boquete en una pared del edificio. El reporte se realiz\u00f3 durante la tarde de este s\u00e1bado y se activaron los protocolos pertinentes.<\/p>\n\n\n\n<p>Tras ser recapturado, Mart\u00edn Jes\u00fas Tierno de 22 a\u00f1os, fue imputado este martes de forma provisional como autor del delito de evasi\u00f3n.<\/p>\n\n\n\n<p>El fiscal L\u00f3pez Ibarra inform\u00f3 adem\u00e1s que en las \u00faltimas horas se detuvo a otro de los cinco evadidos, identificado como \u00c1ngel Jes\u00fas Acosta de 27 a\u00f1os.<\/p>\n\n\n\n<p>El Fiscal se\u00f1al\u00f3 que se trabaja intensamente en localizar a los otros tres detenidos fugados, identificados como Mart\u00edn Gustavo Olivera Barroso de 47 a\u00f1os, Juli\u00e1n Alcides Padilla de 24 a\u00f1os y Kevin Fabi\u00e1n Ibarbals de 21 a\u00f1os.<\/p>\n","protected":false},"excerpt":{"rendered":"<p>En el marco del importante operativo desplegado para recapturar a los detenidos que lograron escapar a trav\u00e9s de un boquete en el edificio, se recaptur\u00f3 al segundo de los cinco hombres. El fiscal penal de Rosario de la Frontera, Oscar L\u00f3pez Ibarra, investiga la evasi\u00f3n de cinco detenidos que se encontraban alojados en base Belgrano [&hellip;]<\/p>\n","protected":false},"author":2,"featured_media":87207,"comment_status":"open","ping_status":"open","sticky":false,"template":"","format":"standard","meta":{"tdm_status":"","tdm_grid_status":"","_joinchat":[],"footnotes":""},"categories":[63],"tags":[],"class_list":{"0":"post-87206","1":"post","2":"type-post","3":"status-publish","4":"format-standard","5":"has-post-thumbnail","7":"category-policiales"},"amp_enabled":true,"_links":{"self":[{"href":"https:\/\/www.todoeldia.com\/index.php\/wp-json\/wp\/v2\/posts\/87206","targetHints":{"allow":["GET"]}}],"collection":[{"href":"https:\/\/www.todoeldia.com\/index.php\/wp-json\/wp\/v2\/posts"}],"about":[{"href":"https:\/\/www.todoeldia.com\/index.php\/wp-json\/wp\/v2\/types\/post"}],"author":[{"embeddable":true,"href":"https:\/\/www.todoeldia.com\/index.php\/wp-json\/wp\/v2\/users\/2"}],"replies":[{"embeddable":true,"href":"https:\/\/www.todoeldia.com\/index.php\/wp-json\/wp\/v2\/comments?post=87206"}],"version-history":[{"count":1,"href":"https:\/\/www.todoeldia.com\/index.php\/wp-json\/wp\/v2\/posts\/87206\/revisions"}],"predecessor-version":[{"id":87208,"href":"https:\/\/www.todoeldia.com\/index.php\/wp-json\/wp\/v2\/posts\/87206\/revisions\/87208"}],"wp:featuredmedia":[{"embeddable":true,"href":"https:\/\/www.todoeldia.com\/index.php\/wp-json\/wp\/v2\/media\/87207"}],"wp:attachment":[{"href":"https:\/\/www.todoeldia.com\/index.php\/wp-json\/wp\/v2\/media?parent=87206"}],"wp:term":[{"taxonomy":"category","embeddable":true,"href":"https:\/\/www.todoeldia.com\/index.php\/wp-json\/wp\/v2\/categories?post=87206"},{"taxonomy":"post_tag","embeddable":true,"href":"https:\/\/www.todoeldia.com\/index.php\/wp-json\/wp\/v2\/tags?post=87206"}],"curies":[{"name":"wp","href":"https:\/\/api.w.org\/{rel}","templated":true}]}}