{"id":87211,"date":"2024-11-20T14:21:53","date_gmt":"2024-11-20T17:21:53","guid":{"rendered":"https:\/\/www.todoeldia.com\/?p=87211"},"modified":"2024-11-20T14:21:54","modified_gmt":"2024-11-20T17:21:54","slug":"el-ahora-ex-intendente-atta-gerala-sera-juzgado-por-peculado-en-diciembre","status":"publish","type":"post","link":"https:\/\/www.todoeldia.com\/index.php\/2024\/11\/20\/el-ahora-ex-intendente-atta-gerala-sera-juzgado-por-peculado-en-diciembre\/","title":{"rendered":"El ahora ex intendente Atta Gerala ser\u00e1 juzgado por peculado en diciembre"},"content":{"rendered":"\n<p>El ex intendente de la localidad de Coronel Juan Sol\u00e1 (Morillo), Atta Gerala, que se encuentra con prisi\u00f3n domiciliaria ser\u00e1 juzgado desde el martes 3 de diciembre como presunto autor del delito de peculado, causa que no tiene vinculaci\u00f3n con el robo de rieles por lo que ahora est\u00e1 acusado.<\/p>\n\n\n\n<p>La Sala I del Tribunal de Juicio de Tartagal presidida por Soledad Rodr\u00edguez e integrada por los vocales Ricardo Hugo Martoccia y Reinaldo Burgos tuvo por concluido el tr\u00e1mite de la etapa procesal previa y de admisi\u00f3n de pruebas y oportunamente fij\u00f3 fechas de audiencia para la causa que se sigue en su contra desde el 3 hasta el 5 de diciembre, y orden\u00f3 que se realicen en horario matutino y vespertino.<\/p>\n\n\n\n<p>Esos d\u00edas se escuchar\u00e1 la declaraci\u00f3n de trece testigos ofrecidos por las partes. En representaci\u00f3n del Ministerio P\u00fablico Fiscal intervendr\u00e1 Gabriela Souto, mientras que en ejercicio de la defensa actuar\u00e1 Dar\u00edo Palmier.<\/p>\n\n\n\n<figure class=\"wp-block-image size-full\"><img loading=\"lazy\" decoding=\"async\" width=\"900\" height=\"967\" src=\"https:\/\/www.todoeldia.com\/wp-content\/uploads\/2021\/11\/atta-gerala-golpeado-2.jpg\" alt=\"\" class=\"wp-image-31130\" srcset=\"https:\/\/www.todoeldia.com\/wp-content\/uploads\/2021\/11\/atta-gerala-golpeado-2.jpg 900w, https:\/\/www.todoeldia.com\/wp-content\/uploads\/2021\/11\/atta-gerala-golpeado-2-279x300.jpg 279w, https:\/\/www.todoeldia.com\/wp-content\/uploads\/2021\/11\/atta-gerala-golpeado-2-768x825.jpg 768w, https:\/\/www.todoeldia.com\/wp-content\/uploads\/2021\/11\/atta-gerala-golpeado-2-300x322.jpg 300w, https:\/\/www.todoeldia.com\/wp-content\/uploads\/2021\/11\/atta-gerala-golpeado-2-696x748.jpg 696w, https:\/\/www.todoeldia.com\/wp-content\/uploads\/2021\/11\/atta-gerala-golpeado-2-391x420.jpg 391w\" sizes=\"auto, (max-width: 900px) 100vw, 900px\" \/><figcaption class=\"wp-element-caption\">Atta Gerala intendente de Coronel Juan Sol\u00e1 -Morillo<\/figcaption><\/figure>\n\n\n\n<p><strong>Gerala en el 2021 volvi\u00f3 a ser noticia al denunciar un violento asalt\u00f3 en que le sustrajeron 16 millones de pesos<\/strong><\/p>\n\n\n\n<p>Gerala hab\u00eda sido denunciado por Marcela Carbajal durante el traspaso de la intendencia de Morillo en 2011 por un faltante de dinero que surge del acta de cierre de la gesti\u00f3n municipal y que se encontraba en poder del imputado.<\/p>\n","protected":false},"excerpt":{"rendered":"<p>El ex intendente de la localidad de Coronel Juan Sol\u00e1 (Morillo), Atta Gerala, que se encuentra con prisi\u00f3n domiciliaria ser\u00e1 juzgado desde el martes 3 de diciembre como presunto autor del delito de peculado, causa que no tiene vinculaci\u00f3n con el robo de rieles por lo que ahora est\u00e1 acusado. La Sala I del Tribunal [&hellip;]<\/p>\n","protected":false},"author":2,"featured_media":86120,"comment_status":"open","ping_status":"open","sticky":false,"template":"","format":"standard","meta":{"tdm_status":"","tdm_grid_status":"","_joinchat":[],"footnotes":""},"categories":[63],"tags":[],"class_list":{"0":"post-87211","1":"post","2":"type-post","3":"status-publish","4":"format-standard","5":"has-post-thumbnail","7":"category-policiales"},"amp_enabled":true,"_links":{"self":[{"href":"https:\/\/www.todoeldia.com\/index.php\/wp-json\/wp\/v2\/posts\/87211","targetHints":{"allow":["GET"]}}],"collection":[{"href":"https:\/\/www.todoeldia.com\/index.php\/wp-json\/wp\/v2\/posts"}],"about":[{"href":"https:\/\/www.todoeldia.com\/index.php\/wp-json\/wp\/v2\/types\/post"}],"author":[{"embeddable":true,"href":"https:\/\/www.todoeldia.com\/index.php\/wp-json\/wp\/v2\/users\/2"}],"replies":[{"embeddable":true,"href":"https:\/\/www.todoeldia.com\/index.php\/wp-json\/wp\/v2\/comments?post=87211"}],"version-history":[{"count":1,"href":"https:\/\/www.todoeldia.com\/index.php\/wp-json\/wp\/v2\/posts\/87211\/revisions"}],"predecessor-version":[{"id":87212,"href":"https:\/\/www.todoeldia.com\/index.php\/wp-json\/wp\/v2\/posts\/87211\/revisions\/87212"}],"wp:featuredmedia":[{"embeddable":true,"href":"https:\/\/www.todoeldia.com\/index.php\/wp-json\/wp\/v2\/media\/86120"}],"wp:attachment":[{"href":"https:\/\/www.todoeldia.com\/index.php\/wp-json\/wp\/v2\/media?parent=87211"}],"wp:term":[{"taxonomy":"category","embeddable":true,"href":"https:\/\/www.todoeldia.com\/index.php\/wp-json\/wp\/v2\/categories?post=87211"},{"taxonomy":"post_tag","embeddable":true,"href":"https:\/\/www.todoeldia.com\/index.php\/wp-json\/wp\/v2\/tags?post=87211"}],"curies":[{"name":"wp","href":"https:\/\/api.w.org\/{rel}","templated":true}]}}