{"id":87224,"date":"2024-11-21T09:48:02","date_gmt":"2024-11-21T12:48:02","guid":{"rendered":"https:\/\/www.todoeldia.com\/?p=87224"},"modified":"2024-11-21T13:15:28","modified_gmt":"2024-11-21T16:15:28","slug":"un-joven-motociclista-de-19-anos-murio-esta-madrugada-en-la-avenida-kirchner","status":"publish","type":"post","link":"https:\/\/www.todoeldia.com\/index.php\/2024\/11\/21\/un-joven-motociclista-de-19-anos-murio-esta-madrugada-en-la-avenida-kirchner\/","title":{"rendered":"Un joven motociclista de 19 a\u00f1os muri\u00f3 esta madrugada en la avenida Kirchner"},"content":{"rendered":"\n<p>Esta madrugada alrededor de la 1, personal de Comisaria 4 \u2013 Villa Mitre fue alertado sobre un siniestro vial ocurrido en avenida N\u00e9stor Kirchner de Capital. En el lugar constataron el veh\u00edculo siniestrado, una motocicleta 150 cilindradas y dos j\u00f3venes lesionados.<\/p>\n\n\n\n<p>Por su parte, personal de salud traslad\u00f3 a un joven de 19 a\u00f1os hacia el Hospital San Bernardo donde falleci\u00f3. El otro ocupante fue derivado al Hospital P\u00fablico Materno Infantil.<\/p>\n\n\n\n<p>Bajo la direcci\u00f3n de la Unidad de Graves Atentados contra las Personas 1, trabajaron Polic\u00eda Cient\u00edfica y Comisar\u00eda 4.<\/p>\n","protected":false},"excerpt":{"rendered":"<p>Esta madrugada alrededor de la 1, personal de Comisaria 4 \u2013 Villa Mitre fue alertado sobre un siniestro vial ocurrido en avenida N\u00e9stor Kirchner de Capital. En el lugar constataron el veh\u00edculo siniestrado, una motocicleta 150 cilindradas y dos j\u00f3venes lesionados. Por su parte, personal de salud traslad\u00f3 a un joven de 19 a\u00f1os hacia [&hellip;]<\/p>\n","protected":false},"author":2,"featured_media":87231,"comment_status":"open","ping_status":"open","sticky":false,"template":"","format":"standard","meta":{"tdm_status":"","tdm_grid_status":"","_joinchat":[],"footnotes":""},"categories":[63],"tags":[],"class_list":{"0":"post-87224","1":"post","2":"type-post","3":"status-publish","4":"format-standard","5":"has-post-thumbnail","7":"category-policiales"},"amp_enabled":true,"_links":{"self":[{"href":"https:\/\/www.todoeldia.com\/index.php\/wp-json\/wp\/v2\/posts\/87224","targetHints":{"allow":["GET"]}}],"collection":[{"href":"https:\/\/www.todoeldia.com\/index.php\/wp-json\/wp\/v2\/posts"}],"about":[{"href":"https:\/\/www.todoeldia.com\/index.php\/wp-json\/wp\/v2\/types\/post"}],"author":[{"embeddable":true,"href":"https:\/\/www.todoeldia.com\/index.php\/wp-json\/wp\/v2\/users\/2"}],"replies":[{"embeddable":true,"href":"https:\/\/www.todoeldia.com\/index.php\/wp-json\/wp\/v2\/comments?post=87224"}],"version-history":[{"count":1,"href":"https:\/\/www.todoeldia.com\/index.php\/wp-json\/wp\/v2\/posts\/87224\/revisions"}],"predecessor-version":[{"id":87226,"href":"https:\/\/www.todoeldia.com\/index.php\/wp-json\/wp\/v2\/posts\/87224\/revisions\/87226"}],"wp:featuredmedia":[{"embeddable":true,"href":"https:\/\/www.todoeldia.com\/index.php\/wp-json\/wp\/v2\/media\/87231"}],"wp:attachment":[{"href":"https:\/\/www.todoeldia.com\/index.php\/wp-json\/wp\/v2\/media?parent=87224"}],"wp:term":[{"taxonomy":"category","embeddable":true,"href":"https:\/\/www.todoeldia.com\/index.php\/wp-json\/wp\/v2\/categories?post=87224"},{"taxonomy":"post_tag","embeddable":true,"href":"https:\/\/www.todoeldia.com\/index.php\/wp-json\/wp\/v2\/tags?post=87224"}],"curies":[{"name":"wp","href":"https:\/\/api.w.org\/{rel}","templated":true}]}}