{"id":87248,"date":"2024-11-21T14:49:00","date_gmt":"2024-11-21T17:49:00","guid":{"rendered":"https:\/\/www.todoeldia.com\/?p=87248"},"modified":"2024-11-21T14:49:01","modified_gmt":"2024-11-21T17:49:01","slug":"30-dias-a-la-carcel-por-robarle-a-un-borracho-el-celular-y-una-cadena-cerca-el-salon-vip","status":"publish","type":"post","link":"https:\/\/www.todoeldia.com\/index.php\/2024\/11\/21\/30-dias-a-la-carcel-por-robarle-a-un-borracho-el-celular-y-una-cadena-cerca-el-salon-vip\/","title":{"rendered":"30 d\u00edas a la c\u00e1rcel por robarle a un borracho el celular y una cadena cerca el Sal\u00f3n VIP"},"content":{"rendered":"\n<p>Un hombre de 43 a\u00f1os fue condenado a un mes de prisi\u00f3n efectiva por el delito de hurto simple en grado de tentativa.<\/p>\n\n\n\n<p>El hecho ocurri\u00f3 en la madrugada del 31 de octubre, cerca de Sal\u00f3n VIP. Mientras la v\u00edctima, un joven que se encontraba en estado de ebriedad, dorm\u00eda cerca de la escalera del local, el acusado aprovech\u00f3 para sustraerle un celular y una cadena. Sin embargo, un testigo observ\u00f3 la situaci\u00f3n y alert\u00f3 a la polic\u00eda que se encontraba en la zona.<\/p>\n\n\n\n<p>Tras la intervenci\u00f3n policial, se logr\u00f3 la detenci\u00f3n del hombre y la recuperaci\u00f3n de los objetos robados. El acusado, quien contaba con antecedentes penales por delitos contra la propiedad, fue puesto a disposici\u00f3n de la justicia.<\/p>\n\n\n\n<p>En la audiencia flexible y multiprop\u00f3sito del 20 de noviembre, el fiscal interviniente cambi\u00f3 la calificaci\u00f3n legal del delito y explic\u00f3 que hab\u00edan llegado a un acuerdo de juicio abreviado con la defensa, donde el acusado reconoci\u00f3 su responsabilidad en el hecho.<\/p>\n\n\n\n<p>El juez de Garant\u00edas lo conden\u00f3 a la pena de un mes de prisi\u00f3n de ejecuci\u00f3n efectiva y orden\u00f3 su traslado a la Unidad Carcelaria 1 para el cumplimiento de la pena.<\/p>\n","protected":false},"excerpt":{"rendered":"<p>Un hombre de 43 a\u00f1os fue condenado a un mes de prisi\u00f3n efectiva por el delito de hurto simple en grado de tentativa. El hecho ocurri\u00f3 en la madrugada del 31 de octubre, cerca de Sal\u00f3n VIP. Mientras la v\u00edctima, un joven que se encontraba en estado de ebriedad, dorm\u00eda cerca de la escalera del [&hellip;]<\/p>\n","protected":false},"author":2,"featured_media":87249,"comment_status":"open","ping_status":"open","sticky":false,"template":"","format":"standard","meta":{"tdm_status":"","tdm_grid_status":"","_joinchat":[],"footnotes":""},"categories":[63],"tags":[],"class_list":{"0":"post-87248","1":"post","2":"type-post","3":"status-publish","4":"format-standard","5":"has-post-thumbnail","7":"category-policiales"},"amp_enabled":true,"_links":{"self":[{"href":"https:\/\/www.todoeldia.com\/index.php\/wp-json\/wp\/v2\/posts\/87248","targetHints":{"allow":["GET"]}}],"collection":[{"href":"https:\/\/www.todoeldia.com\/index.php\/wp-json\/wp\/v2\/posts"}],"about":[{"href":"https:\/\/www.todoeldia.com\/index.php\/wp-json\/wp\/v2\/types\/post"}],"author":[{"embeddable":true,"href":"https:\/\/www.todoeldia.com\/index.php\/wp-json\/wp\/v2\/users\/2"}],"replies":[{"embeddable":true,"href":"https:\/\/www.todoeldia.com\/index.php\/wp-json\/wp\/v2\/comments?post=87248"}],"version-history":[{"count":1,"href":"https:\/\/www.todoeldia.com\/index.php\/wp-json\/wp\/v2\/posts\/87248\/revisions"}],"predecessor-version":[{"id":87250,"href":"https:\/\/www.todoeldia.com\/index.php\/wp-json\/wp\/v2\/posts\/87248\/revisions\/87250"}],"wp:featuredmedia":[{"embeddable":true,"href":"https:\/\/www.todoeldia.com\/index.php\/wp-json\/wp\/v2\/media\/87249"}],"wp:attachment":[{"href":"https:\/\/www.todoeldia.com\/index.php\/wp-json\/wp\/v2\/media?parent=87248"}],"wp:term":[{"taxonomy":"category","embeddable":true,"href":"https:\/\/www.todoeldia.com\/index.php\/wp-json\/wp\/v2\/categories?post=87248"},{"taxonomy":"post_tag","embeddable":true,"href":"https:\/\/www.todoeldia.com\/index.php\/wp-json\/wp\/v2\/tags?post=87248"}],"curies":[{"name":"wp","href":"https:\/\/api.w.org\/{rel}","templated":true}]}}