{"id":87251,"date":"2024-11-21T14:53:09","date_gmt":"2024-11-21T17:53:09","guid":{"rendered":"https:\/\/www.todoeldia.com\/?p=87251"},"modified":"2024-11-21T14:53:09","modified_gmt":"2024-11-21T17:53:09","slug":"el-gobierno-echo-al-jefe-de-la-fuerza-aerea-por-usar-un-avion-para-buscar-a-su-pareja-desde-entre-rios","status":"publish","type":"post","link":"https:\/\/www.todoeldia.com\/index.php\/2024\/11\/21\/el-gobierno-echo-al-jefe-de-la-fuerza-aerea-por-usar-un-avion-para-buscar-a-su-pareja-desde-entre-rios\/","title":{"rendered":"El Gobierno ech\u00f3 al jefe de la Fuerza A\u00e9rea por usar un avi\u00f3n para buscar a su pareja desde Entre R\u00edos"},"content":{"rendered":"\n<p>El ministro de Defensa, Luis Petri, desplaz\u00f3 al brigadier Fernando Luis Mengo. A\u00fan no se defini\u00f3 qui\u00e9n ser\u00e1 su reemplazante.<\/p>\n\n\n\n<p>De manera repentina, el Gobierno decidi\u00f3 echar al jefe de la Fuerza A\u00e9rea, el brigadier Fernando Luis Mengo, quien hab\u00eda asumido hace algunos meses, por el \u201cuso indebido de aeronaves de la instituci\u00f3n\u201d.<\/p>\n\n\n\n<p>Seg\u00fan pudo saber Infobae por parte de fuentes cercanas al caso, todo se desencaden\u00f3 luego de qu\u00e9 el militar utilizara los recursos del organismo para traer y llevar a su pareja, tambi\u00e9n castrense, de la ciudad de Paran\u00e1, Entre R\u00edos, de donde es originaria, a Buenos Aires.<\/p>\n\n\n\n<p>Adem\u00e1s, el uniformado tiene denuncias por acoso sexual que generaron gran malestar entre las autoridades nacionales. Su desplazamiento se termin\u00f3 de concretar este mismo jueves por la ma\u00f1ana, tras una reuni\u00f3n entre el presidente Javier Milei y el ministro de Defensa, Luis Petri.<\/p>\n\n\n\n<p>\u201cHe decidido relevar del cargo al Brigadier Fernando Mengo, Jefe de la Fuerza A\u00e9rea, en cumplimiento del deber de garantizar la transparencia, la \u00e9tica y el respeto a la ley en las Fuerzas Armadas. Esta decisi\u00f3n responde a hechos que ponen de manifiesto el uso indebido de aeronaves de la instituci\u00f3n con fines particulares, lo que implica una grave violaci\u00f3n de la normativa que rige el manejo de los bienes p\u00fablicos y de las responsabilidades inherentes a su cargo\u201d, se\u00f1ala un comunicado.<\/p>\n","protected":false},"excerpt":{"rendered":"<p>El ministro de Defensa, Luis Petri, desplaz\u00f3 al brigadier Fernando Luis Mengo. A\u00fan no se defini\u00f3 qui\u00e9n ser\u00e1 su reemplazante. De manera repentina, el Gobierno decidi\u00f3 echar al jefe de la Fuerza A\u00e9rea, el brigadier Fernando Luis Mengo, quien hab\u00eda asumido hace algunos meses, por el \u201cuso indebido de aeronaves de la instituci\u00f3n\u201d. Seg\u00fan pudo [&hellip;]<\/p>\n","protected":false},"author":2,"featured_media":87252,"comment_status":"open","ping_status":"open","sticky":false,"template":"","format":"standard","meta":{"tdm_status":"","tdm_grid_status":"","_joinchat":[],"footnotes":""},"categories":[59],"tags":[],"class_list":{"0":"post-87251","1":"post","2":"type-post","3":"status-publish","4":"format-standard","5":"has-post-thumbnail","7":"category-politica"},"amp_enabled":true,"_links":{"self":[{"href":"https:\/\/www.todoeldia.com\/index.php\/wp-json\/wp\/v2\/posts\/87251","targetHints":{"allow":["GET"]}}],"collection":[{"href":"https:\/\/www.todoeldia.com\/index.php\/wp-json\/wp\/v2\/posts"}],"about":[{"href":"https:\/\/www.todoeldia.com\/index.php\/wp-json\/wp\/v2\/types\/post"}],"author":[{"embeddable":true,"href":"https:\/\/www.todoeldia.com\/index.php\/wp-json\/wp\/v2\/users\/2"}],"replies":[{"embeddable":true,"href":"https:\/\/www.todoeldia.com\/index.php\/wp-json\/wp\/v2\/comments?post=87251"}],"version-history":[{"count":1,"href":"https:\/\/www.todoeldia.com\/index.php\/wp-json\/wp\/v2\/posts\/87251\/revisions"}],"predecessor-version":[{"id":87253,"href":"https:\/\/www.todoeldia.com\/index.php\/wp-json\/wp\/v2\/posts\/87251\/revisions\/87253"}],"wp:featuredmedia":[{"embeddable":true,"href":"https:\/\/www.todoeldia.com\/index.php\/wp-json\/wp\/v2\/media\/87252"}],"wp:attachment":[{"href":"https:\/\/www.todoeldia.com\/index.php\/wp-json\/wp\/v2\/media?parent=87251"}],"wp:term":[{"taxonomy":"category","embeddable":true,"href":"https:\/\/www.todoeldia.com\/index.php\/wp-json\/wp\/v2\/categories?post=87251"},{"taxonomy":"post_tag","embeddable":true,"href":"https:\/\/www.todoeldia.com\/index.php\/wp-json\/wp\/v2\/tags?post=87251"}],"curies":[{"name":"wp","href":"https:\/\/api.w.org\/{rel}","templated":true}]}}