{"id":87274,"date":"2024-11-22T15:11:21","date_gmt":"2024-11-22T18:11:21","guid":{"rendered":"https:\/\/www.todoeldia.com\/?p=87274"},"modified":"2024-11-22T15:11:21","modified_gmt":"2024-11-22T18:11:21","slug":"prision-preventiva-a-un-hombre-acusado-de-prostituir-a-una-joven-en-un-galpon-de-villa-san-antonio","status":"publish","type":"post","link":"https:\/\/www.todoeldia.com\/index.php\/2024\/11\/22\/prision-preventiva-a-un-hombre-acusado-de-prostituir-a-una-joven-en-un-galpon-de-villa-san-antonio\/","title":{"rendered":"Prisi\u00f3n preventiva a un hombre acusado de prostituir a una joven en un galp\u00f3n de Villa San Antonio"},"content":{"rendered":"\n<p>De acuerdo con la investigaci\u00f3n, captaba a j\u00f3venes vulnerables en inmediaciones de un hogar terap\u00e9utico. Fue detenido luego de que amenazara a una de ellas, quien lo denunci\u00f3 por haberla mantenido cautiva durante tres meses en un galp\u00f3n, donde fue explotada sexualmente.<\/p>\n\n\n\n<p>El juez federal de Garant\u00edas N\u00b01 de Salta, Julio Bavio, dio por formalizada la investigaci\u00f3n penal seguida contra un hombre que fue detenido mientras merodeaba un hogar terap\u00e9utico con el supuesto objetivo de captar a j\u00f3venes con problemas con salud mental o adicciones para explotarlas sexualmente, una de las cuales lo identific\u00f3 como quien la hab\u00eda mantenido cautiva durante tres meses. El sujeto qued\u00f3 detenido en prisi\u00f3n preventiva a requerimiento de la Unidad Fiscal Salta por el delito de trata de personas con fines de explotaci\u00f3n sexual, agravado por ser cometido mediante enga\u00f1o y amenaza, por haberse consumado y por la minoridad de la v\u00edctima, en concurso real con amenazas.<\/p>\n\n\n\n<p>En la misma audiencia, celebrada el 14 de noviembre pasado, el juez autoriz\u00f3 una serie de peritajes pendientes, entre ellos el an\u00e1lisis del tel\u00e9fono incautado al imputado, quien fue identificado como Roberto Altamiranda.<\/p>\n\n\n\n<p>Al presentar el caso en la audiencia, la auxiliar fiscal Nazarena Guzm\u00e1n Alsina explic\u00f3 que las actuaciones se hab\u00edan iniciado en el fuero provincial, con intervenci\u00f3n de la Fiscal\u00eda de Violencia de G\u00e9nero N\u00b02 y del Juzgado de Garant\u00edas N\u00b06.<\/p>\n\n\n\n<p>Relat\u00f3 que todo se inici\u00f3 el 7 de noviembre pasado, a partir de una denuncia radicada por personal del&nbsp;hogar terap\u00e9utico Kuera, dependiente de la Secretar\u00eda de la Ni\u00f1ez de la provincia y dirigido a dar asistencia integral a ni\u00f1as y adolescentes que presentan problemas de salud mental y adiciones.<\/p>\n\n\n\n<figure class=\"wp-block-image size-full is-resized\"><img loading=\"lazy\" decoding=\"async\" width=\"600\" height=\"450\" src=\"https:\/\/www.todoeldia.com\/wp-content\/uploads\/2024\/11\/galpon-de-villa-san-antonio1.jpg\" alt=\"\" class=\"wp-image-87276\" style=\"width:703px;height:auto\" srcset=\"https:\/\/www.todoeldia.com\/wp-content\/uploads\/2024\/11\/galpon-de-villa-san-antonio1.jpg 600w, https:\/\/www.todoeldia.com\/wp-content\/uploads\/2024\/11\/galpon-de-villa-san-antonio1-300x225.jpg 300w, https:\/\/www.todoeldia.com\/wp-content\/uploads\/2024\/11\/galpon-de-villa-san-antonio1-560x420.jpg 560w, https:\/\/www.todoeldia.com\/wp-content\/uploads\/2024\/11\/galpon-de-villa-san-antonio1-80x60.jpg 80w, https:\/\/www.todoeldia.com\/wp-content\/uploads\/2024\/11\/galpon-de-villa-san-antonio1-265x198.jpg 265w\" sizes=\"auto, (max-width: 600px) 100vw, 600px\" \/><\/figure>\n\n\n\n<p>La auxiliar fiscal precis\u00f3 que, en la denuncia, presentada en la comisar\u00eda 8va, el personal del hogar manifest\u00f3 que, al salir de la instituci\u00f3n junto a una joven de 17 a\u00f1os, Altamiranda se acerc\u00f3 y la amenaz\u00f3 de muerte, tras lo cual la llam\u00f3 y le ofreci\u00f3 cigarrillos. La adolescente lo sindic\u00f3 entonces como su captor y quien la hab\u00eda mantenido cautiva por tres meses, a lo largo de los cuales le hab\u00eda suministrado drogas.<\/p>\n\n\n\n<p>A\u00f1adi\u00f3 que, en su declaraci\u00f3n en la comisar\u00eda, la joven dijo que el acusado era conocido en la zona de Villa San Antonio por el apodo de \u201cperro\u201d y que la hab\u00eda retenido en un galp\u00f3n que funciona como lavadero, ubicado en la calle Los Partidarios al 1200. El lugar est\u00e1 ubicado a pocas cuadras del casco c\u00e9ntrico de la ciudad.<\/p>\n\n\n\n<p>Agreg\u00f3 que el hombre fue detenido el mismo d\u00eda, m\u00e1s tarde, cuando la madre de otra joven, enterada de lo que hab\u00eda ocurrido previamente, lo confront\u00f3 fuera del hogar, donde el sujeto permanec\u00eda, y empez\u00f3 a filmarlo con su tel\u00e9fono celular. De acuerdo con lo narrado por la mujer en una declaraci\u00f3n posterior que cit\u00f3 la auxiliar fiscal en su relato ante el juez, Altamiranda le quit\u00f3 el dispositivo e intent\u00f3 fugarse, hasta que ella requiri\u00f3 ayuda a transe\u00fantes y unos polic\u00edas que patrullaban la zona actuaron de inmediato y lo detuvieron.<\/p>\n\n\n\n<p>La v\u00edctima cont\u00f3 que durante el cautiverio en el galp\u00f3n el imputado le suministr\u00f3 drogas, fue sometida a golpes y le fue retenido su DNI.<\/p>\n\n\n\n<p>La adolescente por cuya denuncia se inici\u00f3 el caso, hab\u00eda sido captada a la salida del hogar en junio pasado, tras lo cual Altamiranda la mantuvo cautiva en un lavadero de autos de la calle Los Partidarios, en la zona de Villa San Antonio, zona donde en otra \u00e9poca funcionaron varios prost\u00edbulos y se hac\u00eda adem\u00e1s oferta de prostituci\u00f3n en la calle.<\/p>\n\n\n\n<p>Sostuvo que la investigaci\u00f3n pudo determinar que el domicilio es un galp\u00f3n de aspecto abandonado, donde se expende droga y que en ese ambiente el acusado ofrec\u00eda a la joven para actos sexuales. Precis\u00f3 que esta modalidad tambi\u00e9n suced\u00eda con choferes de una remisera de la zona, con quienes el imputado pactaba la prostituci\u00f3n de la adolescente bajo el t\u00edtulo de \u201cdama de compa\u00f1\u00eda\u201d.<\/p>\n","protected":false},"excerpt":{"rendered":"<p>De acuerdo con la investigaci\u00f3n, captaba a j\u00f3venes vulnerables en inmediaciones de un hogar terap\u00e9utico. Fue detenido luego de que amenazara a una de ellas, quien lo denunci\u00f3 por haberla mantenido cautiva durante tres meses en un galp\u00f3n, donde fue explotada sexualmente. El juez federal de Garant\u00edas N\u00b01 de Salta, Julio Bavio, dio por formalizada [&hellip;]<\/p>\n","protected":false},"author":2,"featured_media":87275,"comment_status":"open","ping_status":"open","sticky":false,"template":"","format":"standard","meta":{"tdm_status":"","tdm_grid_status":"","_joinchat":[],"footnotes":""},"categories":[63],"tags":[],"class_list":{"0":"post-87274","1":"post","2":"type-post","3":"status-publish","4":"format-standard","5":"has-post-thumbnail","7":"category-policiales"},"amp_enabled":true,"_links":{"self":[{"href":"https:\/\/www.todoeldia.com\/index.php\/wp-json\/wp\/v2\/posts\/87274","targetHints":{"allow":["GET"]}}],"collection":[{"href":"https:\/\/www.todoeldia.com\/index.php\/wp-json\/wp\/v2\/posts"}],"about":[{"href":"https:\/\/www.todoeldia.com\/index.php\/wp-json\/wp\/v2\/types\/post"}],"author":[{"embeddable":true,"href":"https:\/\/www.todoeldia.com\/index.php\/wp-json\/wp\/v2\/users\/2"}],"replies":[{"embeddable":true,"href":"https:\/\/www.todoeldia.com\/index.php\/wp-json\/wp\/v2\/comments?post=87274"}],"version-history":[{"count":1,"href":"https:\/\/www.todoeldia.com\/index.php\/wp-json\/wp\/v2\/posts\/87274\/revisions"}],"predecessor-version":[{"id":87277,"href":"https:\/\/www.todoeldia.com\/index.php\/wp-json\/wp\/v2\/posts\/87274\/revisions\/87277"}],"wp:featuredmedia":[{"embeddable":true,"href":"https:\/\/www.todoeldia.com\/index.php\/wp-json\/wp\/v2\/media\/87275"}],"wp:attachment":[{"href":"https:\/\/www.todoeldia.com\/index.php\/wp-json\/wp\/v2\/media?parent=87274"}],"wp:term":[{"taxonomy":"category","embeddable":true,"href":"https:\/\/www.todoeldia.com\/index.php\/wp-json\/wp\/v2\/categories?post=87274"},{"taxonomy":"post_tag","embeddable":true,"href":"https:\/\/www.todoeldia.com\/index.php\/wp-json\/wp\/v2\/tags?post=87274"}],"curies":[{"name":"wp","href":"https:\/\/api.w.org\/{rel}","templated":true}]}}