{"id":87278,"date":"2024-11-22T15:21:11","date_gmt":"2024-11-22T18:21:11","guid":{"rendered":"https:\/\/www.todoeldia.com\/?p=87278"},"modified":"2024-11-22T15:21:12","modified_gmt":"2024-11-22T18:21:12","slug":"secuestran-en-oran-28-kilos-de-marihuana-20-de-cocaina-478-de-coca-y-1-250-paquetes-de-puchos-truchos","status":"publish","type":"post","link":"https:\/\/www.todoeldia.com\/index.php\/2024\/11\/22\/secuestran-en-oran-28-kilos-de-marihuana-20-de-cocaina-478-de-coca-y-1-250-paquetes-de-puchos-truchos\/","title":{"rendered":"Secuestran en Oran 28 kilos de marihuana, 20 de coca\u00edna, 478 de coca y 1.250 paquetes de puchos truchos"},"content":{"rendered":"\n<p>Ayer, efectivos de la Secci\u00f3n \u201c28 de Julio\u201d del Escuadr\u00f3n 20 \u201cOr\u00e1n\u201d, con apoyo de otras Unidades de la Fuerza, controlaron un veh\u00edculo Volkswagen Crossfox que se aproximaba a la altura del kil\u00f3metro 46 de la Ruta Nacional N\u00ba 50.<\/p>\n\n\n\n<p>Durante el registro del ba\u00fal del rodado, los uniformados constataron que trasladaba paquetes caracter\u00edsticos a los utilizados para el transporte de estupefacientes, dentro de bolsas tipo arpillera.<\/p>\n\n\n\n<figure class=\"wp-block-image size-large\"><img loading=\"lazy\" decoding=\"async\" width=\"1024\" height=\"473\" src=\"https:\/\/www.todoeldia.com\/wp-content\/uploads\/2024\/11\/image-157-1024x473.png\" alt=\"\" class=\"wp-image-87280\" srcset=\"https:\/\/www.todoeldia.com\/wp-content\/uploads\/2024\/11\/image-157-1024x473.png 1024w, https:\/\/www.todoeldia.com\/wp-content\/uploads\/2024\/11\/image-157-300x139.png 300w, https:\/\/www.todoeldia.com\/wp-content\/uploads\/2024\/11\/image-157-768x355.png 768w, https:\/\/www.todoeldia.com\/wp-content\/uploads\/2024\/11\/image-157-910x420.png 910w, https:\/\/www.todoeldia.com\/wp-content\/uploads\/2024\/11\/image-157-696x321.png 696w, https:\/\/www.todoeldia.com\/wp-content\/uploads\/2024\/11\/image-157-1068x493.png 1068w, https:\/\/www.todoeldia.com\/wp-content\/uploads\/2024\/11\/image-157.png 1280w\" sizes=\"auto, (max-width: 1024px) 100vw, 1024px\" \/><\/figure>\n\n\n\n<p>Al confirmar que se trataba de 28 kilos 122 gramos de \u201ccannabis sativa\u201d, se procedi\u00f3 a secuestrar el autom\u00f3vil y la droga, quedando detenidas dos personas involucradas.<\/p>\n\n\n\n<p>Por otro lado, una patrulla a pie integrada por personal de la misma Unidad, efectuaban recorridos en el sector denominado \u201cEl Arbolito\u201d, donde se hallaron bultos de grandes dimensiones abandonados a orillas del r\u00edo Pescado.<\/p>\n\n\n\n<figure class=\"wp-block-image size-full is-resized\"><img loading=\"lazy\" decoding=\"async\" width=\"902\" height=\"598\" src=\"https:\/\/www.todoeldia.com\/wp-content\/uploads\/2024\/11\/marihuana-cocaina-puchos-1.jpg\" alt=\"\" class=\"wp-image-87281\" style=\"width:1053px;height:auto\" srcset=\"https:\/\/www.todoeldia.com\/wp-content\/uploads\/2024\/11\/marihuana-cocaina-puchos-1.jpg 902w, https:\/\/www.todoeldia.com\/wp-content\/uploads\/2024\/11\/marihuana-cocaina-puchos-1-300x199.jpg 300w, https:\/\/www.todoeldia.com\/wp-content\/uploads\/2024\/11\/marihuana-cocaina-puchos-1-768x509.jpg 768w, https:\/\/www.todoeldia.com\/wp-content\/uploads\/2024\/11\/marihuana-cocaina-puchos-1-634x420.jpg 634w, https:\/\/www.todoeldia.com\/wp-content\/uploads\/2024\/11\/marihuana-cocaina-puchos-1-696x461.jpg 696w\" sizes=\"auto, (max-width: 902px) 100vw, 902px\" \/><\/figure>\n\n\n\n<p>Como resultado de la inspecci\u00f3n, se incautaron cajas de cart\u00f3n que conten\u00edan \u201cladrillos\u201d con coca\u00edna (20 kilos 55 gramos) y 1.250 cartones de cigarrillos. Adem\u00e1s, hab\u00eda bolsas de nylon con 478 kilos de hojas de coca.<\/p>\n\n\n\n<p><\/p>\n","protected":false},"excerpt":{"rendered":"<p>Ayer, efectivos de la Secci\u00f3n \u201c28 de Julio\u201d del Escuadr\u00f3n 20 \u201cOr\u00e1n\u201d, con apoyo de otras Unidades de la Fuerza, controlaron un veh\u00edculo Volkswagen Crossfox que se aproximaba a la altura del kil\u00f3metro 46 de la Ruta Nacional N\u00ba 50. Durante el registro del ba\u00fal del rodado, los uniformados constataron que trasladaba paquetes caracter\u00edsticos a [&hellip;]<\/p>\n","protected":false},"author":2,"featured_media":87279,"comment_status":"open","ping_status":"open","sticky":false,"template":"","format":"standard","meta":{"tdm_status":"","tdm_grid_status":"","_joinchat":[],"footnotes":""},"categories":[63],"tags":[],"class_list":{"0":"post-87278","1":"post","2":"type-post","3":"status-publish","4":"format-standard","5":"has-post-thumbnail","7":"category-policiales"},"amp_enabled":true,"_links":{"self":[{"href":"https:\/\/www.todoeldia.com\/index.php\/wp-json\/wp\/v2\/posts\/87278","targetHints":{"allow":["GET"]}}],"collection":[{"href":"https:\/\/www.todoeldia.com\/index.php\/wp-json\/wp\/v2\/posts"}],"about":[{"href":"https:\/\/www.todoeldia.com\/index.php\/wp-json\/wp\/v2\/types\/post"}],"author":[{"embeddable":true,"href":"https:\/\/www.todoeldia.com\/index.php\/wp-json\/wp\/v2\/users\/2"}],"replies":[{"embeddable":true,"href":"https:\/\/www.todoeldia.com\/index.php\/wp-json\/wp\/v2\/comments?post=87278"}],"version-history":[{"count":1,"href":"https:\/\/www.todoeldia.com\/index.php\/wp-json\/wp\/v2\/posts\/87278\/revisions"}],"predecessor-version":[{"id":87282,"href":"https:\/\/www.todoeldia.com\/index.php\/wp-json\/wp\/v2\/posts\/87278\/revisions\/87282"}],"wp:featuredmedia":[{"embeddable":true,"href":"https:\/\/www.todoeldia.com\/index.php\/wp-json\/wp\/v2\/media\/87279"}],"wp:attachment":[{"href":"https:\/\/www.todoeldia.com\/index.php\/wp-json\/wp\/v2\/media?parent=87278"}],"wp:term":[{"taxonomy":"category","embeddable":true,"href":"https:\/\/www.todoeldia.com\/index.php\/wp-json\/wp\/v2\/categories?post=87278"},{"taxonomy":"post_tag","embeddable":true,"href":"https:\/\/www.todoeldia.com\/index.php\/wp-json\/wp\/v2\/tags?post=87278"}],"curies":[{"name":"wp","href":"https:\/\/api.w.org\/{rel}","templated":true}]}}