{"id":87285,"date":"2024-11-22T21:08:27","date_gmt":"2024-11-23T00:08:27","guid":{"rendered":"https:\/\/www.todoeldia.com\/?p=87285"},"modified":"2024-11-22T21:08:28","modified_gmt":"2024-11-23T00:08:28","slug":"4-anos-de-carcel-para-un-hombre-que-encerro-en-su-casa-a-una-companera-de-trabajo-y-la-golpeo","status":"publish","type":"post","link":"https:\/\/www.todoeldia.com\/index.php\/2024\/11\/22\/4-anos-de-carcel-para-un-hombre-que-encerro-en-su-casa-a-una-companera-de-trabajo-y-la-golpeo\/","title":{"rendered":"4 a\u00f1os de c\u00e1rcel para un hombre que encerr\u00f3 en su casa a una compa\u00f1era de trabajo y la golpe\u00f3"},"content":{"rendered":"\n<p>El 17 de septiembre de 2023, un hombre de 41 a\u00f1os enga\u00f1\u00f3 a una mujer con la que trabajaba en una cooperativa para que subiera a su autom\u00f3vil con la excusa de firmar unos papeles. Le dijo que necesitaba su r\u00fabrica para poder cobrar ese mes.<\/p>\n\n\n\n<p>Cuando la denunciante estaba en el veh\u00edculo, trab\u00f3 la puerta y la traslad\u00f3 hasta su domicilio, en barrio La Fama. All\u00ed la retuvo contra su voluntad.<\/p>\n\n\n\n<p>Ella le dijo que iba a renunciar a la cooperativa y esto provoc\u00f3 la ira del acusado. La mujer quiso irse, pero \u00e9l le impidi\u00f3 la salida y la agredi\u00f3 f\u00edsicamente con golpes de pu\u00f1o en la cabeza. Luego la arrastr\u00f3 hasta una habitaci\u00f3n donde la mantuvo retenida.<\/p>\n\n\n\n<p>La v\u00edctima logr\u00f3 enviar mensajes de texto a su padre y a otros conocidos, pidiendo ayuda. Tambi\u00e9n les mand\u00f3 la ubicaci\u00f3n. Poco despu\u00e9s, vio a trav\u00e9s de la ventana a uno de sus familiares y grit\u00f3 desesperada. La polic\u00eda ya se encontraba en el lugar, ingres\u00f3 a la fuerza al inmueble y detuvo al imputado. Se constat\u00f3 que la v\u00edctima presentaba lesiones en el rostro.<\/p>\n\n\n\n<p>La jueza M\u00f3nica Mukdsi, vocal de la Sala VI del Tribunal de Juicio, resolvi\u00f3 condenar al hombre a la pena de dos a\u00f1os de prisi\u00f3n efectiva por el delito de privaci\u00f3n ileg\u00edtima de la libertad agravada por el empleo de violencia. Asimismo, revoc\u00f3 la libertad condicional que le hab\u00eda sido otorgada al acusado en una causa anterior por el delito de coacci\u00f3n. En consecuencia, se unificaron ambas condenas en una pena \u00fanica de cuatro a\u00f1os de prisi\u00f3n efectiva.<\/p>\n\n\n\n<p>La jueza homolog\u00f3 el acuerdo alcanzado entre el condenado y la v\u00edctima por la reparaci\u00f3n del da\u00f1o ocasionado, que fue resarcido en la suma de ochocientos mil pesos.<\/p>\n\n\n\n<p>El sujeto fue condenado en un procedimiento abreviado, por lo que la sentencia qued\u00f3 firme.<\/p>\n","protected":false},"excerpt":{"rendered":"<p>El 17 de septiembre de 2023, un hombre de 41 a\u00f1os enga\u00f1\u00f3 a una mujer con la que trabajaba en una cooperativa para que subiera a su autom\u00f3vil con la excusa de firmar unos papeles. Le dijo que necesitaba su r\u00fabrica para poder cobrar ese mes. Cuando la denunciante estaba en el veh\u00edculo, trab\u00f3 la [&hellip;]<\/p>\n","protected":false},"author":2,"featured_media":49499,"comment_status":"open","ping_status":"open","sticky":false,"template":"","format":"standard","meta":{"tdm_status":"","tdm_grid_status":"","_joinchat":[],"footnotes":""},"categories":[63],"tags":[],"class_list":{"0":"post-87285","1":"post","2":"type-post","3":"status-publish","4":"format-standard","5":"has-post-thumbnail","7":"category-policiales"},"amp_enabled":true,"_links":{"self":[{"href":"https:\/\/www.todoeldia.com\/index.php\/wp-json\/wp\/v2\/posts\/87285","targetHints":{"allow":["GET"]}}],"collection":[{"href":"https:\/\/www.todoeldia.com\/index.php\/wp-json\/wp\/v2\/posts"}],"about":[{"href":"https:\/\/www.todoeldia.com\/index.php\/wp-json\/wp\/v2\/types\/post"}],"author":[{"embeddable":true,"href":"https:\/\/www.todoeldia.com\/index.php\/wp-json\/wp\/v2\/users\/2"}],"replies":[{"embeddable":true,"href":"https:\/\/www.todoeldia.com\/index.php\/wp-json\/wp\/v2\/comments?post=87285"}],"version-history":[{"count":1,"href":"https:\/\/www.todoeldia.com\/index.php\/wp-json\/wp\/v2\/posts\/87285\/revisions"}],"predecessor-version":[{"id":87286,"href":"https:\/\/www.todoeldia.com\/index.php\/wp-json\/wp\/v2\/posts\/87285\/revisions\/87286"}],"wp:featuredmedia":[{"embeddable":true,"href":"https:\/\/www.todoeldia.com\/index.php\/wp-json\/wp\/v2\/media\/49499"}],"wp:attachment":[{"href":"https:\/\/www.todoeldia.com\/index.php\/wp-json\/wp\/v2\/media?parent=87285"}],"wp:term":[{"taxonomy":"category","embeddable":true,"href":"https:\/\/www.todoeldia.com\/index.php\/wp-json\/wp\/v2\/categories?post=87285"},{"taxonomy":"post_tag","embeddable":true,"href":"https:\/\/www.todoeldia.com\/index.php\/wp-json\/wp\/v2\/tags?post=87285"}],"curies":[{"name":"wp","href":"https:\/\/api.w.org\/{rel}","templated":true}]}}