{"id":87287,"date":"2024-11-22T21:13:26","date_gmt":"2024-11-23T00:13:26","guid":{"rendered":"https:\/\/www.todoeldia.com\/?p=87287"},"modified":"2024-11-22T21:13:26","modified_gmt":"2024-11-23T00:13:26","slug":"2-meses-de-prision-por-robar-una-computadora-en-la-calle-miguel-ortiz","status":"publish","type":"post","link":"https:\/\/www.todoeldia.com\/index.php\/2024\/11\/22\/2-meses-de-prision-por-robar-una-computadora-en-la-calle-miguel-ortiz\/","title":{"rendered":"2 meses de prisi\u00f3n por robar una computadora en la calle Miguel Ortiz"},"content":{"rendered":"\n<p>El juez de Garant\u00edas 4, Diego Rodr\u00edguez Pipino, conden\u00f3 a un hombre de 28 a\u00f1os a la pena de dos meses de prisi\u00f3n de ejecuci\u00f3n efectiva por ser autor del delito de hurto simple.<\/p>\n\n\n\n<p>La sentencia se dic\u00f3 en el marco de una audiencia flexible y multiprop\u00f3sito en la que las partes expusieron que hab\u00edan llegado a un acuerdo de juicio abreviado. El condenado fue declarado reincidente por tercera vez atento a los antecedentes condenatorios que ya registraba.<\/p>\n\n\n\n<p>Adem\u00e1s, el juez orden\u00f3 al Servicio Penitenciario que brinde atenci\u00f3n traumatol\u00f3gica al condenado y se realice un diagn\u00f3stico y tratamiento psicol\u00f3gico o psiqui\u00e1trico para atender sus adicciones.<\/p>\n\n\n\n<p>El hecho por el cual fue condenado ocurri\u00f3 el 2 de noviembre pasado, alrededor de las 7 de la tarde. El hombre ingres\u00f3 a una propiedad ubicada en la calle Miguel Ortiz. Una vez adentro sustrajo una computadora marca HP y un teclado.<\/p>\n\n\n\n<p>Al intentar darse a la fuga, fue demorado por un vecino de la zona hasta la llegada de la polic\u00eda. Posteriormente, fue trasladado a la dependencia policial.<\/p>\n","protected":false},"excerpt":{"rendered":"<p>El juez de Garant\u00edas 4, Diego Rodr\u00edguez Pipino, conden\u00f3 a un hombre de 28 a\u00f1os a la pena de dos meses de prisi\u00f3n de ejecuci\u00f3n efectiva por ser autor del delito de hurto simple. La sentencia se dic\u00f3 en el marco de una audiencia flexible y multiprop\u00f3sito en la que las partes expusieron que hab\u00edan [&hellip;]<\/p>\n","protected":false},"author":2,"featured_media":71790,"comment_status":"open","ping_status":"open","sticky":false,"template":"","format":"standard","meta":{"tdm_status":"","tdm_grid_status":"","_joinchat":[],"footnotes":""},"categories":[63],"tags":[],"class_list":{"0":"post-87287","1":"post","2":"type-post","3":"status-publish","4":"format-standard","5":"has-post-thumbnail","7":"category-policiales"},"amp_enabled":true,"_links":{"self":[{"href":"https:\/\/www.todoeldia.com\/index.php\/wp-json\/wp\/v2\/posts\/87287","targetHints":{"allow":["GET"]}}],"collection":[{"href":"https:\/\/www.todoeldia.com\/index.php\/wp-json\/wp\/v2\/posts"}],"about":[{"href":"https:\/\/www.todoeldia.com\/index.php\/wp-json\/wp\/v2\/types\/post"}],"author":[{"embeddable":true,"href":"https:\/\/www.todoeldia.com\/index.php\/wp-json\/wp\/v2\/users\/2"}],"replies":[{"embeddable":true,"href":"https:\/\/www.todoeldia.com\/index.php\/wp-json\/wp\/v2\/comments?post=87287"}],"version-history":[{"count":1,"href":"https:\/\/www.todoeldia.com\/index.php\/wp-json\/wp\/v2\/posts\/87287\/revisions"}],"predecessor-version":[{"id":87288,"href":"https:\/\/www.todoeldia.com\/index.php\/wp-json\/wp\/v2\/posts\/87287\/revisions\/87288"}],"wp:featuredmedia":[{"embeddable":true,"href":"https:\/\/www.todoeldia.com\/index.php\/wp-json\/wp\/v2\/media\/71790"}],"wp:attachment":[{"href":"https:\/\/www.todoeldia.com\/index.php\/wp-json\/wp\/v2\/media?parent=87287"}],"wp:term":[{"taxonomy":"category","embeddable":true,"href":"https:\/\/www.todoeldia.com\/index.php\/wp-json\/wp\/v2\/categories?post=87287"},{"taxonomy":"post_tag","embeddable":true,"href":"https:\/\/www.todoeldia.com\/index.php\/wp-json\/wp\/v2\/tags?post=87287"}],"curies":[{"name":"wp","href":"https:\/\/api.w.org\/{rel}","templated":true}]}}