{"id":87289,"date":"2024-11-22T21:17:04","date_gmt":"2024-11-23T00:17:04","guid":{"rendered":"https:\/\/www.todoeldia.com\/?p=87289"},"modified":"2024-11-22T21:17:04","modified_gmt":"2024-11-23T00:17:04","slug":"vecinos-de-embarcacion-llamaron-al-911-al-ver-que-un-joven-amenazaba-a-su-madre-con-un-machete","status":"publish","type":"post","link":"https:\/\/www.todoeldia.com\/index.php\/2024\/11\/22\/vecinos-de-embarcacion-llamaron-al-911-al-ver-que-un-joven-amenazaba-a-su-madre-con-un-machete\/","title":{"rendered":"Vecinos de Embarcaci\u00f3n llamaron al 911 al ver que un joven amenazaba a su madre con un machete"},"content":{"rendered":"\n<p>Vecinos de la damnificada escucharon cuando su hijo la amenazaba y llamaron al Sistema de Emergencias 911. Se solicit\u00f3 que el imputado permanezca detenido.<\/p>\n\n\n\n<p>La fiscal penal de Embarcaci\u00f3n, Gabriela Souto, imput\u00f3 de forma provisional a un hombre mayor de edad como autor del delito de amenazas con arma mediando violencia de g\u00e9nero en perjuicio de su madre.<\/p>\n\n\n\n<p>El imputado fue asistido por defensa oficial y se abstuvo de declarar. Desde la Fiscal\u00eda se solicit\u00f3 al Juzgado de Garant\u00edas interviniente, el mantenimiento de su detenci\u00f3n.<\/p>\n\n\n\n<p>El hecho ocurri\u00f3 en esa ciudad el pasado 17 de noviembre, cuando una mujer, quien por razones de salud se encuentra en silla de ruedas, fue v\u00edctima de una violenta agresi\u00f3n verbal por parte de su hijo, quien padece adicci\u00f3n a las sustancias estupefacientes. Durante el altercado, la mujer fue insultada y amenazada con un machete, lo que gener\u00f3 un clima de gran tensi\u00f3n y temor.<\/p>\n\n\n\n<p>La situaci\u00f3n fue advertida por vecinos de la damnificada, quienes, al percatarse de lo sucedido, no dudaron en alertar al Sistema de Emergencias 911. Personal policial acudi\u00f3 al lugar, logrando la detenci\u00f3n del sospechoso.<\/p>\n","protected":false},"excerpt":{"rendered":"<p>Vecinos de la damnificada escucharon cuando su hijo la amenazaba y llamaron al Sistema de Emergencias 911. Se solicit\u00f3 que el imputado permanezca detenido. La fiscal penal de Embarcaci\u00f3n, Gabriela Souto, imput\u00f3 de forma provisional a un hombre mayor de edad como autor del delito de amenazas con arma mediando violencia de g\u00e9nero en perjuicio [&hellip;]<\/p>\n","protected":false},"author":2,"featured_media":82986,"comment_status":"open","ping_status":"open","sticky":false,"template":"","format":"standard","meta":{"tdm_status":"","tdm_grid_status":"","_joinchat":[],"footnotes":""},"categories":[63],"tags":[],"class_list":{"0":"post-87289","1":"post","2":"type-post","3":"status-publish","4":"format-standard","5":"has-post-thumbnail","7":"category-policiales"},"amp_enabled":true,"_links":{"self":[{"href":"https:\/\/www.todoeldia.com\/index.php\/wp-json\/wp\/v2\/posts\/87289","targetHints":{"allow":["GET"]}}],"collection":[{"href":"https:\/\/www.todoeldia.com\/index.php\/wp-json\/wp\/v2\/posts"}],"about":[{"href":"https:\/\/www.todoeldia.com\/index.php\/wp-json\/wp\/v2\/types\/post"}],"author":[{"embeddable":true,"href":"https:\/\/www.todoeldia.com\/index.php\/wp-json\/wp\/v2\/users\/2"}],"replies":[{"embeddable":true,"href":"https:\/\/www.todoeldia.com\/index.php\/wp-json\/wp\/v2\/comments?post=87289"}],"version-history":[{"count":1,"href":"https:\/\/www.todoeldia.com\/index.php\/wp-json\/wp\/v2\/posts\/87289\/revisions"}],"predecessor-version":[{"id":87290,"href":"https:\/\/www.todoeldia.com\/index.php\/wp-json\/wp\/v2\/posts\/87289\/revisions\/87290"}],"wp:featuredmedia":[{"embeddable":true,"href":"https:\/\/www.todoeldia.com\/index.php\/wp-json\/wp\/v2\/media\/82986"}],"wp:attachment":[{"href":"https:\/\/www.todoeldia.com\/index.php\/wp-json\/wp\/v2\/media?parent=87289"}],"wp:term":[{"taxonomy":"category","embeddable":true,"href":"https:\/\/www.todoeldia.com\/index.php\/wp-json\/wp\/v2\/categories?post=87289"},{"taxonomy":"post_tag","embeddable":true,"href":"https:\/\/www.todoeldia.com\/index.php\/wp-json\/wp\/v2\/tags?post=87289"}],"curies":[{"name":"wp","href":"https:\/\/api.w.org\/{rel}","templated":true}]}}