{"id":87319,"date":"2024-11-24T10:19:41","date_gmt":"2024-11-24T13:19:41","guid":{"rendered":"https:\/\/www.todoeldia.com\/?p=87319"},"modified":"2024-11-24T10:19:42","modified_gmt":"2024-11-24T13:19:42","slug":"3-jovenes-muertos-y-2-heridos-en-un-accidente-en-la-ruta-33-en-chicoana-cuando-circulaban-en-moto","status":"publish","type":"post","link":"https:\/\/www.todoeldia.com\/index.php\/2024\/11\/24\/3-jovenes-muertos-y-2-heridos-en-un-accidente-en-la-ruta-33-en-chicoana-cuando-circulaban-en-moto\/","title":{"rendered":"3 j\u00f3venes muertos y 2 heridos en un accidente en la ruta 33 en Chicoana cuando circulaban en moto"},"content":{"rendered":"\n<p>Un tr\u00e1gico accidente se registr\u00f3 en la madrugada de este domingo en la Ruta Provincial 33, a la altura de La Poblaci\u00f3n, en Chicoana. El siniestro dej\u00f3 un saldo de tres personas fallecidas y al menos dos heridos graves que fueron trasladados al hospital San Bernardo.<\/p>\n\n\n\n<p>Seg\u00fan los primeros informes, un auto se habr\u00eda dado a la fuga tras colisionar con dos motocicletas en las que viajaban los j\u00f3venes fallecidos. Mientras que el conductor de otro veh\u00edculo involucrado se habr\u00eda presentado de forma espont\u00e1nea en la comisar\u00eda de Chicoana. El accidente ocurri\u00f3 cerca de las 6 de la ma\u00f1ana y la ruta 33 se encuentra cortase cort\u00f3 en dos tramos, generando desv\u00edos en la Ruta 68 entre El Carril y Chicoana.<\/p>\n\n\n\n<p>Las v\u00edctimas fatales, ser\u00edan todos vecinos de Chicoana; fallecieron en el lugar del impacto. La polic\u00eda continuar\u00eda investigando las circunstancias del accidente y buscando al conductor que se dio a la fuga.<\/p>\n\n\n\n<p>Valle de Lerma Hoy<\/p>\n","protected":false},"excerpt":{"rendered":"<p>Un tr\u00e1gico accidente se registr\u00f3 en la madrugada de este domingo en la Ruta Provincial 33, a la altura de La Poblaci\u00f3n, en Chicoana. El siniestro dej\u00f3 un saldo de tres personas fallecidas y al menos dos heridos graves que fueron trasladados al hospital San Bernardo. Seg\u00fan los primeros informes, un auto se habr\u00eda dado [&hellip;]<\/p>\n","protected":false},"author":2,"featured_media":87320,"comment_status":"open","ping_status":"open","sticky":false,"template":"","format":"standard","meta":{"tdm_status":"","tdm_grid_status":"","_joinchat":[],"footnotes":""},"categories":[63],"tags":[],"class_list":{"0":"post-87319","1":"post","2":"type-post","3":"status-publish","4":"format-standard","5":"has-post-thumbnail","7":"category-policiales"},"amp_enabled":true,"_links":{"self":[{"href":"https:\/\/www.todoeldia.com\/index.php\/wp-json\/wp\/v2\/posts\/87319","targetHints":{"allow":["GET"]}}],"collection":[{"href":"https:\/\/www.todoeldia.com\/index.php\/wp-json\/wp\/v2\/posts"}],"about":[{"href":"https:\/\/www.todoeldia.com\/index.php\/wp-json\/wp\/v2\/types\/post"}],"author":[{"embeddable":true,"href":"https:\/\/www.todoeldia.com\/index.php\/wp-json\/wp\/v2\/users\/2"}],"replies":[{"embeddable":true,"href":"https:\/\/www.todoeldia.com\/index.php\/wp-json\/wp\/v2\/comments?post=87319"}],"version-history":[{"count":1,"href":"https:\/\/www.todoeldia.com\/index.php\/wp-json\/wp\/v2\/posts\/87319\/revisions"}],"predecessor-version":[{"id":87321,"href":"https:\/\/www.todoeldia.com\/index.php\/wp-json\/wp\/v2\/posts\/87319\/revisions\/87321"}],"wp:featuredmedia":[{"embeddable":true,"href":"https:\/\/www.todoeldia.com\/index.php\/wp-json\/wp\/v2\/media\/87320"}],"wp:attachment":[{"href":"https:\/\/www.todoeldia.com\/index.php\/wp-json\/wp\/v2\/media?parent=87319"}],"wp:term":[{"taxonomy":"category","embeddable":true,"href":"https:\/\/www.todoeldia.com\/index.php\/wp-json\/wp\/v2\/categories?post=87319"},{"taxonomy":"post_tag","embeddable":true,"href":"https:\/\/www.todoeldia.com\/index.php\/wp-json\/wp\/v2\/tags?post=87319"}],"curies":[{"name":"wp","href":"https:\/\/api.w.org\/{rel}","templated":true}]}}