{"id":87330,"date":"2024-11-25T10:02:54","date_gmt":"2024-11-25T13:02:54","guid":{"rendered":"https:\/\/www.todoeldia.com\/?p=87330"},"modified":"2024-11-25T10:02:55","modified_gmt":"2024-11-25T13:02:55","slug":"para-hoy-en-salta-hay-alerta-naranja-por-tormentas","status":"publish","type":"post","link":"https:\/\/www.todoeldia.com\/index.php\/2024\/11\/25\/para-hoy-en-salta-hay-alerta-naranja-por-tormentas\/","title":{"rendered":"Para hoy en Salta hay alerta naranja por tormentas"},"content":{"rendered":"\n<p>El Servicio Meteorol\u00f3gico Nacional (SMN) emiti\u00f3 una alerta de tormentas, con un pico del fen\u00f3meno que se espera para ma\u00f1ana y tarde de hoy en Salta y varias provincias.<\/p>\n\n\n\n<figure class=\"wp-block-image size-full is-resized\"><img loading=\"lazy\" decoding=\"async\" width=\"589\" height=\"1000\" src=\"https:\/\/www.todoeldia.com\/wp-content\/uploads\/2024\/11\/pronostico-para-salta-alerta-amarilla.jpg\" alt=\"\" class=\"wp-image-87332\" style=\"width:1047px;height:auto\" srcset=\"https:\/\/www.todoeldia.com\/wp-content\/uploads\/2024\/11\/pronostico-para-salta-alerta-amarilla.jpg 589w, https:\/\/www.todoeldia.com\/wp-content\/uploads\/2024\/11\/pronostico-para-salta-alerta-amarilla-177x300.jpg 177w, https:\/\/www.todoeldia.com\/wp-content\/uploads\/2024\/11\/pronostico-para-salta-alerta-amarilla-247x420.jpg 247w, https:\/\/www.todoeldia.com\/wp-content\/uploads\/2024\/11\/pronostico-para-salta-alerta-amarilla-300x509.jpg 300w\" sizes=\"auto, (max-width: 589px) 100vw, 589px\" \/><\/figure>\n\n\n\n<p>La alerta amarilla por tormentas est\u00e1 vigente en parte de La Pampa, C\u00f3rdoba, Tucum\u00e1n, Salta, el sur de la provincia de Buenos Aires (PBA) y Jujuy. El fen\u00f3meno podr\u00e1 estar acompa\u00f1ado por abundante ca\u00edda de agua en cortos periodos, actividad el\u00e9ctrica frecuente, ca\u00edda de granizo y r\u00e1fagas intensas. Se prev\u00e9n valores de precipitaci\u00f3n acumulada entre 30 y 50 mil\u00edmetros, pudiendo ser superados en forma puntual.<\/p>\n\n\n\n<p>En Santa Fe, Entre R\u00edos y Corrientes est\u00e1 prevista la alerta naranja por tormentas, donde se deben extremar los cuidados y y se aguardan valores de precipitaci\u00f3n acumulada entre 60 y 100 mil\u00edmetros.<\/p>\n","protected":false},"excerpt":{"rendered":"<p>El Servicio Meteorol\u00f3gico Nacional (SMN) emiti\u00f3 una alerta de tormentas, con un pico del fen\u00f3meno que se espera para ma\u00f1ana y tarde de hoy en Salta y varias provincias. La alerta amarilla por tormentas est\u00e1 vigente en parte de La Pampa, C\u00f3rdoba, Tucum\u00e1n, Salta, el sur de la provincia de Buenos Aires (PBA) y Jujuy. [&hellip;]<\/p>\n","protected":false},"author":2,"featured_media":87331,"comment_status":"open","ping_status":"open","sticky":false,"template":"","format":"standard","meta":{"tdm_status":"","tdm_grid_status":"","_joinchat":[],"footnotes":""},"categories":[73],"tags":[],"class_list":{"0":"post-87330","1":"post","2":"type-post","3":"status-publish","4":"format-standard","5":"has-post-thumbnail","7":"category-noticias-general"},"amp_enabled":true,"_links":{"self":[{"href":"https:\/\/www.todoeldia.com\/index.php\/wp-json\/wp\/v2\/posts\/87330","targetHints":{"allow":["GET"]}}],"collection":[{"href":"https:\/\/www.todoeldia.com\/index.php\/wp-json\/wp\/v2\/posts"}],"about":[{"href":"https:\/\/www.todoeldia.com\/index.php\/wp-json\/wp\/v2\/types\/post"}],"author":[{"embeddable":true,"href":"https:\/\/www.todoeldia.com\/index.php\/wp-json\/wp\/v2\/users\/2"}],"replies":[{"embeddable":true,"href":"https:\/\/www.todoeldia.com\/index.php\/wp-json\/wp\/v2\/comments?post=87330"}],"version-history":[{"count":1,"href":"https:\/\/www.todoeldia.com\/index.php\/wp-json\/wp\/v2\/posts\/87330\/revisions"}],"predecessor-version":[{"id":87333,"href":"https:\/\/www.todoeldia.com\/index.php\/wp-json\/wp\/v2\/posts\/87330\/revisions\/87333"}],"wp:featuredmedia":[{"embeddable":true,"href":"https:\/\/www.todoeldia.com\/index.php\/wp-json\/wp\/v2\/media\/87331"}],"wp:attachment":[{"href":"https:\/\/www.todoeldia.com\/index.php\/wp-json\/wp\/v2\/media?parent=87330"}],"wp:term":[{"taxonomy":"category","embeddable":true,"href":"https:\/\/www.todoeldia.com\/index.php\/wp-json\/wp\/v2\/categories?post=87330"},{"taxonomy":"post_tag","embeddable":true,"href":"https:\/\/www.todoeldia.com\/index.php\/wp-json\/wp\/v2\/tags?post=87330"}],"curies":[{"name":"wp","href":"https:\/\/api.w.org\/{rel}","templated":true}]}}