{"id":87334,"date":"2024-11-25T10:39:11","date_gmt":"2024-11-25T13:39:11","guid":{"rendered":"https:\/\/www.todoeldia.com\/?p=87334"},"modified":"2024-11-25T10:39:11","modified_gmt":"2024-11-25T13:39:11","slug":"rosario-de-lerma-recordo-a-chifri","status":"publish","type":"post","link":"https:\/\/www.todoeldia.com\/index.php\/2024\/11\/25\/rosario-de-lerma-recordo-a-chifri\/","title":{"rendered":"Rosario de Lerma record\u00f3 a Chifri"},"content":{"rendered":"\n<p>Emotivas palabras del intendente Sergio Ramos , su gran amigo Daniel Can\u00f3nica y una sentida poes\u00eda de Juan Carlos M\u00e9ndez, presidente de la Agrupaci\u00f3n de Gauchos Juan Vicente Torino, durante el acto homenaje al Padre Chifri. El recordatorio fue realizado en la escultura ubicada en el Parque Evita.<\/p>\n\n\n\n<p>&#8220;A 13 a\u00f1os de su partida, el Padre Chifri sigue iluminando nuestro camino con su ejemplo y legado. Recordamos su obra y su amor por nuestra tierra&#8221;, indicaron.<\/p>\n\n\n\n<figure class=\"wp-block-image size-full\"><img loading=\"lazy\" decoding=\"async\" width=\"900\" height=\"600\" src=\"https:\/\/www.todoeldia.com\/wp-content\/uploads\/2024\/11\/image-159.png\" alt=\"\" class=\"wp-image-87336\" srcset=\"https:\/\/www.todoeldia.com\/wp-content\/uploads\/2024\/11\/image-159.png 900w, https:\/\/www.todoeldia.com\/wp-content\/uploads\/2024\/11\/image-159-300x200.png 300w, https:\/\/www.todoeldia.com\/wp-content\/uploads\/2024\/11\/image-159-768x512.png 768w, https:\/\/www.todoeldia.com\/wp-content\/uploads\/2024\/11\/image-159-630x420.png 630w, https:\/\/www.todoeldia.com\/wp-content\/uploads\/2024\/11\/image-159-696x464.png 696w\" sizes=\"auto, (max-width: 900px) 100vw, 900px\" \/><\/figure>\n\n\n\n<p>El Padre Chifri, Sigfrido M. Moroder fue enviado a esta regi\u00f3n Salte\u00f1a en el a\u00f1o 1999 y a partir de ese momento su trabajo incansable ha sido promover al habitante de esa regi\u00f3n.<\/p>\n\n\n\n<figure class=\"wp-block-image size-full\"><img loading=\"lazy\" decoding=\"async\" width=\"888\" height=\"500\" src=\"https:\/\/www.todoeldia.com\/wp-content\/uploads\/2024\/11\/alfarcito.jpg\" alt=\"\" class=\"wp-image-87337\" srcset=\"https:\/\/www.todoeldia.com\/wp-content\/uploads\/2024\/11\/alfarcito.jpg 888w, https:\/\/www.todoeldia.com\/wp-content\/uploads\/2024\/11\/alfarcito-300x169.jpg 300w, https:\/\/www.todoeldia.com\/wp-content\/uploads\/2024\/11\/alfarcito-768x432.jpg 768w, https:\/\/www.todoeldia.com\/wp-content\/uploads\/2024\/11\/alfarcito-746x420.jpg 746w, https:\/\/www.todoeldia.com\/wp-content\/uploads\/2024\/11\/alfarcito-696x392.jpg 696w\" sizes=\"auto, (max-width: 888px) 100vw, 888px\" \/><\/figure>\n\n\n\n<p>Luego de varios proyectos sociales, como el Centro Artesanal, el Colectivo de los Sue\u00f1os, surgi\u00f3 el primer Colegio Secundario Albergue de Monta\u00f1a, ubicado en El Alfarcito, lugar equidistante de las 25 comunidades de los cerros. Con su construcci\u00f3n y la convocatoria de voluntades, El Padre Chifri creo la Fundaci\u00f3n Alfarcito para poder cumplir sus objetivos.<\/p>\n","protected":false},"excerpt":{"rendered":"<p>Emotivas palabras del intendente Sergio Ramos , su gran amigo Daniel Can\u00f3nica y una sentida poes\u00eda de Juan Carlos M\u00e9ndez, presidente de la Agrupaci\u00f3n de Gauchos Juan Vicente Torino, durante el acto homenaje al Padre Chifri. El recordatorio fue realizado en la escultura ubicada en el Parque Evita. &#8220;A 13 a\u00f1os de su partida, el [&hellip;]<\/p>\n","protected":false},"author":2,"featured_media":87335,"comment_status":"open","ping_status":"open","sticky":false,"template":"","format":"standard","meta":{"tdm_status":"","tdm_grid_status":"","_joinchat":[],"footnotes":""},"categories":[73],"tags":[],"class_list":{"0":"post-87334","1":"post","2":"type-post","3":"status-publish","4":"format-standard","5":"has-post-thumbnail","7":"category-noticias-general"},"amp_enabled":true,"_links":{"self":[{"href":"https:\/\/www.todoeldia.com\/index.php\/wp-json\/wp\/v2\/posts\/87334","targetHints":{"allow":["GET"]}}],"collection":[{"href":"https:\/\/www.todoeldia.com\/index.php\/wp-json\/wp\/v2\/posts"}],"about":[{"href":"https:\/\/www.todoeldia.com\/index.php\/wp-json\/wp\/v2\/types\/post"}],"author":[{"embeddable":true,"href":"https:\/\/www.todoeldia.com\/index.php\/wp-json\/wp\/v2\/users\/2"}],"replies":[{"embeddable":true,"href":"https:\/\/www.todoeldia.com\/index.php\/wp-json\/wp\/v2\/comments?post=87334"}],"version-history":[{"count":1,"href":"https:\/\/www.todoeldia.com\/index.php\/wp-json\/wp\/v2\/posts\/87334\/revisions"}],"predecessor-version":[{"id":87338,"href":"https:\/\/www.todoeldia.com\/index.php\/wp-json\/wp\/v2\/posts\/87334\/revisions\/87338"}],"wp:featuredmedia":[{"embeddable":true,"href":"https:\/\/www.todoeldia.com\/index.php\/wp-json\/wp\/v2\/media\/87335"}],"wp:attachment":[{"href":"https:\/\/www.todoeldia.com\/index.php\/wp-json\/wp\/v2\/media?parent=87334"}],"wp:term":[{"taxonomy":"category","embeddable":true,"href":"https:\/\/www.todoeldia.com\/index.php\/wp-json\/wp\/v2\/categories?post=87334"},{"taxonomy":"post_tag","embeddable":true,"href":"https:\/\/www.todoeldia.com\/index.php\/wp-json\/wp\/v2\/tags?post=87334"}],"curies":[{"name":"wp","href":"https:\/\/api.w.org\/{rel}","templated":true}]}}