{"id":87358,"date":"2024-11-25T14:54:09","date_gmt":"2024-11-25T17:54:09","guid":{"rendered":"https:\/\/www.todoeldia.com\/?p=87358"},"modified":"2024-11-25T14:54:09","modified_gmt":"2024-11-25T17:54:09","slug":"piden-siete-anos-de-prision-efectiva-para-patricia-arganaraz-y-ana-maria-cerezo-por-las-estafas-en-la-adp","status":"publish","type":"post","link":"https:\/\/www.todoeldia.com\/index.php\/2024\/11\/25\/piden-siete-anos-de-prision-efectiva-para-patricia-arganaraz-y-ana-maria-cerezo-por-las-estafas-en-la-adp\/","title":{"rendered":"Piden siete a\u00f1os de prisi\u00f3n efectiva para Patricia Arga\u00f1araz y Ana Mar\u00eda Cerezo por las estafas en la ADP"},"content":{"rendered":"\n<p>En la Sala VI del Tribunal de Juicio se desarrolla la audiencia de alegatos en la causa seguida contra cuatro personas acusadas por administraci\u00f3n fraudulenta y estafas reiteradas en perjuicio de la Asociaci\u00f3n Docente Provincial (ADP) y agremiados.<\/p>\n\n\n\n<p>Los imputados son Patricia del Valle Arga\u00f1araz (exsecretaria general de la ADP) y Ana Mar\u00eda Cerezo (extesorera) como coautoras de los delitos de administraci\u00f3n fraudulenta y estafas reiteradas (26 hechos), en concurso real; Ra\u00fal Dante Arga\u00f1araz y Nicol\u00e1s Demetrio Zissi como part\u00edcipes necesarios de administraci\u00f3n fraudulenta y coautores de estafas reiteradas.<\/p>\n\n\n\n<p>La fiscal penal de la Unidad de Delitos Econ\u00f3micos Complejos, Ana In\u00e9s Salinas Odorisio solicit\u00f3 siete a\u00f1os de prisi\u00f3n efectiva para Patricia Arga\u00f1araz y Ana Mar\u00eda Cerezo, y diez a\u00f1os de inhabilitaci\u00f3n especial para ambas para ejercer cargos electivos en la ADP. En tanto que para Ra\u00fal Dante Arga\u00f1araz y Nicol\u00e1s Zissi, la parte acusadora pidi\u00f3 una pena de tres a\u00f1os de prisi\u00f3n condicional.<\/p>\n\n\n\n<p>El juicio unipersonal es presidido por el juez Jos\u00e9 Luis Riera.<\/p>\n","protected":false},"excerpt":{"rendered":"<p>En la Sala VI del Tribunal de Juicio se desarrolla la audiencia de alegatos en la causa seguida contra cuatro personas acusadas por administraci\u00f3n fraudulenta y estafas reiteradas en perjuicio de la Asociaci\u00f3n Docente Provincial (ADP) y agremiados. Los imputados son Patricia del Valle Arga\u00f1araz (exsecretaria general de la ADP) y Ana Mar\u00eda Cerezo (extesorera) [&hellip;]<\/p>\n","protected":false},"author":2,"featured_media":86424,"comment_status":"open","ping_status":"open","sticky":false,"template":"","format":"standard","meta":{"tdm_status":"","tdm_grid_status":"","_joinchat":[],"footnotes":""},"categories":[63],"tags":[],"class_list":{"0":"post-87358","1":"post","2":"type-post","3":"status-publish","4":"format-standard","5":"has-post-thumbnail","7":"category-policiales"},"amp_enabled":true,"_links":{"self":[{"href":"https:\/\/www.todoeldia.com\/index.php\/wp-json\/wp\/v2\/posts\/87358","targetHints":{"allow":["GET"]}}],"collection":[{"href":"https:\/\/www.todoeldia.com\/index.php\/wp-json\/wp\/v2\/posts"}],"about":[{"href":"https:\/\/www.todoeldia.com\/index.php\/wp-json\/wp\/v2\/types\/post"}],"author":[{"embeddable":true,"href":"https:\/\/www.todoeldia.com\/index.php\/wp-json\/wp\/v2\/users\/2"}],"replies":[{"embeddable":true,"href":"https:\/\/www.todoeldia.com\/index.php\/wp-json\/wp\/v2\/comments?post=87358"}],"version-history":[{"count":1,"href":"https:\/\/www.todoeldia.com\/index.php\/wp-json\/wp\/v2\/posts\/87358\/revisions"}],"predecessor-version":[{"id":87359,"href":"https:\/\/www.todoeldia.com\/index.php\/wp-json\/wp\/v2\/posts\/87358\/revisions\/87359"}],"wp:featuredmedia":[{"embeddable":true,"href":"https:\/\/www.todoeldia.com\/index.php\/wp-json\/wp\/v2\/media\/86424"}],"wp:attachment":[{"href":"https:\/\/www.todoeldia.com\/index.php\/wp-json\/wp\/v2\/media?parent=87358"}],"wp:term":[{"taxonomy":"category","embeddable":true,"href":"https:\/\/www.todoeldia.com\/index.php\/wp-json\/wp\/v2\/categories?post=87358"},{"taxonomy":"post_tag","embeddable":true,"href":"https:\/\/www.todoeldia.com\/index.php\/wp-json\/wp\/v2\/tags?post=87358"}],"curies":[{"name":"wp","href":"https:\/\/api.w.org\/{rel}","templated":true}]}}