{"id":87363,"date":"2024-11-25T15:16:56","date_gmt":"2024-11-25T18:16:56","guid":{"rendered":"https:\/\/www.todoeldia.com\/?p=87363"},"modified":"2024-11-25T15:16:56","modified_gmt":"2024-11-25T18:16:56","slug":"comenzo-en-tartagal-el-juicio-contra-una-mujer-que-se-robo-una-beba-recien-nacida","status":"publish","type":"post","link":"https:\/\/www.todoeldia.com\/index.php\/2024\/11\/25\/comenzo-en-tartagal-el-juicio-contra-una-mujer-que-se-robo-una-beba-recien-nacida\/","title":{"rendered":"Comenz\u00f3 en Tartagal el juicio contra una mujer que se rob\u00f3 una beba reci\u00e9n nacida"},"content":{"rendered":"\n<p>En la Sala II del Tribunal de Juicio de Tartagal comenz\u00f3 esta ma\u00f1ana la primera jornada en la causa seguida contra A. P., acusada del delito de sustracci\u00f3n de menores.<\/p>\n\n\n\n<p>Al iniciar la audiencia se ley\u00f3 la acusaci\u00f3n fiscal, y luego la imputada se neg\u00f3 a declarar. El fiscal solicit\u00f3 se realizara la audiencia sin p\u00fablico en protecci\u00f3n de la menor, planteo que fue denegado por el Tribunal.<\/p>\n\n\n\n<p>Luego el padre y la madre de la ni\u00f1a sustra\u00edda prestaron declaraci\u00f3n testimonial indicando desconocer quien hab\u00eda sustra\u00eddo a su hija. La acusada y los padres de la menor fueron asistidos en su declaraci\u00f3n por una persona que habla el dialecto de la comunidad originaria.<\/p>\n\n\n\n<p>En la ma\u00f1ana se escuch\u00f3 la declaraci\u00f3n de personal policial que particip\u00f3 durante la investigaci\u00f3n y la b\u00fasqueda de la ni\u00f1a. Por la tarde continuar\u00e1 la audiencia. Para hoy est\u00e1 prevista la declaraci\u00f3n de quince polic\u00edas.<\/p>\n\n\n\n<p>El hecho por el que A. P. lleg\u00f3 acusada al juicio ocurri\u00f3 el 14 de julio del a\u00f1o pasado, cuando se dio a conocer que una ni\u00f1a nacida el d\u00eda anterior hab\u00eda sido sustra\u00edda de la sala de maternidad del Hospital Presidente Per\u00f3n de Tartagal.<\/p>\n\n\n\n<p>Esto dispar\u00f3 un operativo de b\u00fasqueda y una alerta SOFIA a nivel nacional cuya vigencia culmin\u00f3 con el hallazgo de la ni\u00f1a durante la madrugada del d\u00eda siguiente encontrada la madrugada del d\u00eda siguiente por un vecino que escuch\u00f3 ladrar unos perros en un bald\u00edo en el barrio Roberto Romero.<\/p>\n","protected":false},"excerpt":{"rendered":"<p>En la Sala II del Tribunal de Juicio de Tartagal comenz\u00f3 esta ma\u00f1ana la primera jornada en la causa seguida contra A. P., acusada del delito de sustracci\u00f3n de menores. Al iniciar la audiencia se ley\u00f3 la acusaci\u00f3n fiscal, y luego la imputada se neg\u00f3 a declarar. El fiscal solicit\u00f3 se realizara la audiencia sin [&hellip;]<\/p>\n","protected":false},"author":2,"featured_media":87364,"comment_status":"open","ping_status":"open","sticky":false,"template":"","format":"standard","meta":{"tdm_status":"","tdm_grid_status":"","_joinchat":[],"footnotes":""},"categories":[63],"tags":[],"class_list":{"0":"post-87363","1":"post","2":"type-post","3":"status-publish","4":"format-standard","5":"has-post-thumbnail","7":"category-policiales"},"amp_enabled":true,"_links":{"self":[{"href":"https:\/\/www.todoeldia.com\/index.php\/wp-json\/wp\/v2\/posts\/87363","targetHints":{"allow":["GET"]}}],"collection":[{"href":"https:\/\/www.todoeldia.com\/index.php\/wp-json\/wp\/v2\/posts"}],"about":[{"href":"https:\/\/www.todoeldia.com\/index.php\/wp-json\/wp\/v2\/types\/post"}],"author":[{"embeddable":true,"href":"https:\/\/www.todoeldia.com\/index.php\/wp-json\/wp\/v2\/users\/2"}],"replies":[{"embeddable":true,"href":"https:\/\/www.todoeldia.com\/index.php\/wp-json\/wp\/v2\/comments?post=87363"}],"version-history":[{"count":1,"href":"https:\/\/www.todoeldia.com\/index.php\/wp-json\/wp\/v2\/posts\/87363\/revisions"}],"predecessor-version":[{"id":87365,"href":"https:\/\/www.todoeldia.com\/index.php\/wp-json\/wp\/v2\/posts\/87363\/revisions\/87365"}],"wp:featuredmedia":[{"embeddable":true,"href":"https:\/\/www.todoeldia.com\/index.php\/wp-json\/wp\/v2\/media\/87364"}],"wp:attachment":[{"href":"https:\/\/www.todoeldia.com\/index.php\/wp-json\/wp\/v2\/media?parent=87363"}],"wp:term":[{"taxonomy":"category","embeddable":true,"href":"https:\/\/www.todoeldia.com\/index.php\/wp-json\/wp\/v2\/categories?post=87363"},{"taxonomy":"post_tag","embeddable":true,"href":"https:\/\/www.todoeldia.com\/index.php\/wp-json\/wp\/v2\/tags?post=87363"}],"curies":[{"name":"wp","href":"https:\/\/api.w.org\/{rel}","templated":true}]}}