{"id":87389,"date":"2024-11-26T10:44:55","date_gmt":"2024-11-26T13:44:55","guid":{"rendered":"https:\/\/www.todoeldia.com\/?p=87389"},"modified":"2024-11-26T10:44:56","modified_gmt":"2024-11-26T13:44:56","slug":"cayeron-55-mm-en-salta-y-hubo-varios-danos-en-el-valle-de-lerma-y-calchaqui","status":"publish","type":"post","link":"https:\/\/www.todoeldia.com\/index.php\/2024\/11\/26\/cayeron-55-mm-en-salta-y-hubo-varios-danos-en-el-valle-de-lerma-y-calchaqui\/","title":{"rendered":"Cayeron 55 mm en Salta y hubo varios da\u00f1os en el Valle de Lerma y Calchaqu\u00ed"},"content":{"rendered":"\n<p>La ca\u00edda de 55 mil\u00edmetros de lluvia en la tarde de ayer termin\u00f3 por confirmar que este noviembre es uno de los m\u00e1s lluviosos de los \u00faltimos a\u00f1os.<\/p>\n\n\n\n<p>En cuesti\u00f3n de minutos, Salta se vio en un caos. La alerta amarilla emitida para la provincia pas\u00f3 a alerta naranja, y fuerte temporal de lluvia viento y actividad el\u00e9ctrica se abati\u00f3 sobre gran parte del Valle de Lerma. Calles intransitables, inundaciones, \u00e1rboles ca\u00eddos y rutas cortadas fueron algunas de las im\u00e1genes que r\u00e1pidamente se compartieron en las redes sociales. El Servicio Meteorol\u00f3gico Nacional advirti\u00f3 que la inestabilidad va a continuar durante toda la semana con altos porcentajes de humedad.<\/p>\n\n\n\n<figure class=\"wp-block-image size-full\"><img loading=\"lazy\" decoding=\"async\" width=\"869\" height=\"510\" src=\"https:\/\/www.todoeldia.com\/wp-content\/uploads\/2024\/11\/image-162.png\" alt=\"\" class=\"wp-image-87391\" srcset=\"https:\/\/www.todoeldia.com\/wp-content\/uploads\/2024\/11\/image-162.png 869w, https:\/\/www.todoeldia.com\/wp-content\/uploads\/2024\/11\/image-162-300x176.png 300w, https:\/\/www.todoeldia.com\/wp-content\/uploads\/2024\/11\/image-162-768x451.png 768w, https:\/\/www.todoeldia.com\/wp-content\/uploads\/2024\/11\/image-162-716x420.png 716w, https:\/\/www.todoeldia.com\/wp-content\/uploads\/2024\/11\/image-162-696x408.png 696w\" sizes=\"auto, (max-width: 869px) 100vw, 869px\" \/><\/figure>\n\n\n\n<p>A medida que avanzaba la tarde, una primera tormenta intensa gener\u00f3 inconvenientes. En la Ruta 23, en el tramo que conecta Cerrillos con Rosario de Lerma, se registr\u00f3 la ca\u00edda de \u00e1rboles que obstaculizaron el normal tr\u00e1nsito vehicular.<\/p>\n\n\n\n<p>Una intensa actividad el\u00e9ctrica se notaba sobre el sur de la regi\u00f3n. En la localidad de La Vi\u00f1a, los fuertes vientos y la lluvia sorprendieron a los habitantes. \u201cFue algo inesperado, el viento nos dej\u00f3 casi sin poder salir de la casa por un rato\u201d, coment\u00f3 uno de los residentes.<\/p>\n\n\n\n<figure class=\"wp-block-image size-full\"><img loading=\"lazy\" decoding=\"async\" width=\"719\" height=\"480\" src=\"https:\/\/www.todoeldia.com\/wp-content\/uploads\/2024\/11\/image-163.png\" alt=\"\" class=\"wp-image-87392\" srcset=\"https:\/\/www.todoeldia.com\/wp-content\/uploads\/2024\/11\/image-163.png 719w, https:\/\/www.todoeldia.com\/wp-content\/uploads\/2024\/11\/image-163-300x200.png 300w, https:\/\/www.todoeldia.com\/wp-content\/uploads\/2024\/11\/image-163-629x420.png 629w, https:\/\/www.todoeldia.com\/wp-content\/uploads\/2024\/11\/image-163-696x465.png 696w\" sizes=\"auto, (max-width: 719px) 100vw, 719px\" \/><\/figure>\n\n\n\n<p>Un auto arrastrado<\/p>\n\n\n\n<p>Radio Online La Vi\u00f1a, durante una transmisi\u00f3n en vivo, relat\u00f3 c\u00f3mo un autom\u00f3vil, perteneciente a un m\u00e9dico de la zona, fue arrastrado por el agua. El medio alert\u00f3 que la tormenta lleg\u00f3 con fuerza justo en el horario de salida de los escolares, lo que puso en riesgo a los ni\u00f1os, ya que todo el centro de La Vi\u00f1a se vio cubierto por el agua.<\/p>\n\n\n\n<figure class=\"wp-block-image size-full is-resized\"><img loading=\"lazy\" decoding=\"async\" width=\"351\" height=\"365\" src=\"https:\/\/www.todoeldia.com\/wp-content\/uploads\/2024\/11\/image-164.png\" alt=\"\" class=\"wp-image-87393\" style=\"width:1053px;height:auto\" srcset=\"https:\/\/www.todoeldia.com\/wp-content\/uploads\/2024\/11\/image-164.png 351w, https:\/\/www.todoeldia.com\/wp-content\/uploads\/2024\/11\/image-164-288x300.png 288w, https:\/\/www.todoeldia.com\/wp-content\/uploads\/2024\/11\/image-164-300x312.png 300w\" sizes=\"auto, (max-width: 351px) 100vw, 351px\" \/><\/figure>\n\n\n\n<p>Poco despu\u00e9s, la lluvia ces\u00f3 brevemente en el lugar, pero fue la antesala de una tormenta el\u00e9ctrica que provoc\u00f3 una gran cantidad de agua en un corto per\u00edodo de tiempo. Debido a este fen\u00f3meno, la Ruta Nacional 68 estuvo cortada entre La Vi\u00f1a y Coronel Moldes. La Polic\u00eda tambi\u00e9n inform\u00f3 que la Ruta 22 se cort\u00f3 al igual que la 6 en Guachipas y la 33, a la altura de Pulares, en Chicoana.<\/p>\n\n\n\n<p>Mientras la tormenta se concentraba en la zona sur de la ciudad de Salta y el Valle de Lerma, pasadas las 19, el temporal comenz\u00f3 a sentirse con fuerza en el centro de la ciudad capital. Los salte\u00f1os se apresuraron a buscar refugio para evitar quedar varados en las calles anegadas.<\/p>\n\n\n\n<figure class=\"wp-block-image size-full is-resized\"><img loading=\"lazy\" decoding=\"async\" width=\"356\" height=\"389\" src=\"https:\/\/www.todoeldia.com\/wp-content\/uploads\/2024\/11\/image-165.png\" alt=\"\" class=\"wp-image-87394\" style=\"width:1053px;height:auto\" srcset=\"https:\/\/www.todoeldia.com\/wp-content\/uploads\/2024\/11\/image-165.png 356w, https:\/\/www.todoeldia.com\/wp-content\/uploads\/2024\/11\/image-165-275x300.png 275w, https:\/\/www.todoeldia.com\/wp-content\/uploads\/2024\/11\/image-165-300x328.png 300w\" sizes=\"auto, (max-width: 356px) 100vw, 356px\" \/><\/figure>\n\n\n\n<p>La zona sur, la m\u00e1s afectada<\/p>\n\n\n\n<p>En la Capital, la zona sur fue la m\u00e1s afectada. Una de las avenidas anegadas fue la Ex Combatientes de Malvinas, que, desde el ingreso a la rotonda de Limache, se volvi\u00f3 intransitable. Lo mismo ocurri\u00f3 sobre la Avenida Tavella, en el sector de la colectora, cerca del ingreso a la Ruta 26.<\/p>\n\n\n\n<p>Tambi\u00e9n se reportaron problemas en la calle San Mart\u00edn, donde, pasando la Esteco, la arteria se torn\u00f3 intransitable, convirti\u00e9ndose en un r\u00edo, seg\u00fan informaron los vecinos, al igual que calles Ituzaing\u00f3, Caseros y San Mart\u00edn, entre otras. Los comercios tambi\u00e9n se vieron afectados por la cantidad de agua que cay\u00f3 en poco tiempo.<\/p>\n\n\n\n<figure class=\"wp-block-image size-full is-resized\"><img loading=\"lazy\" decoding=\"async\" width=\"723\" height=\"404\" src=\"https:\/\/www.todoeldia.com\/wp-content\/uploads\/2024\/11\/image-166.png\" alt=\"\" class=\"wp-image-87395\" style=\"width:1053px;height:auto\" srcset=\"https:\/\/www.todoeldia.com\/wp-content\/uploads\/2024\/11\/image-166.png 723w, https:\/\/www.todoeldia.com\/wp-content\/uploads\/2024\/11\/image-166-300x168.png 300w, https:\/\/www.todoeldia.com\/wp-content\/uploads\/2024\/11\/image-166-696x389.png 696w\" sizes=\"auto, (max-width: 723px) 100vw, 723px\" \/><\/figure>\n\n\n\n<p>Hasta las 21 horas, el n\u00famero 105 recibi\u00f3 7 llamados por casas inundadas y m\u00e1s de 10 por \u00e1rboles y postes ca\u00eddos. No obstante, hasta anoche no se reportaron vecinos evacuados.<\/p>\n\n\n\n<p>\u00c1rboles ca\u00eddos<\/p>\n\n\n\n<p>Los \u00e1rboles, ramas y postes que cedieron se registraron en Mitre al 2400, De\u00e1n Funes y Necochea y Reimund\u00edn y Jaime Dur\u00e1n, entre otras calles.<\/p>\n\n\n\n<p>Desde Ambiente destacaron el r\u00e1pido drenaje de los canales pluviales y el trabajo coordinado con Desarrollo Social de la Provincia y la Polic\u00eda.<\/p>\n\n\n\n<figure class=\"wp-block-image size-full is-resized\"><img loading=\"lazy\" decoding=\"async\" width=\"719\" height=\"389\" src=\"https:\/\/www.todoeldia.com\/wp-content\/uploads\/2024\/11\/image-167.png\" alt=\"\" class=\"wp-image-87396\" style=\"width:1053px;height:auto\" srcset=\"https:\/\/www.todoeldia.com\/wp-content\/uploads\/2024\/11\/image-167.png 719w, https:\/\/www.todoeldia.com\/wp-content\/uploads\/2024\/11\/image-167-300x162.png 300w, https:\/\/www.todoeldia.com\/wp-content\/uploads\/2024\/11\/image-167-696x377.png 696w\" sizes=\"auto, (max-width: 719px) 100vw, 719px\" \/><\/figure>\n\n\n\n<p>Diferentes dependencias de la Municipalidad responden y prestan servicio ante los llamados de los vecinos afectados. En ese sentido, intervienen y trabajan las \u00e1reas de: Espacios P\u00fablicos y Protecci\u00f3n Ciudadana, Tr\u00e1nsito y Seguridad Vial, Ambiente y Servicios P\u00fablicos y Desarrollo Social, entre otros.<\/p>\n\n\n\n<p>Qu\u00e9 dicen los registros<\/p>\n\n\n\n<p>En lo que va de noviembre cayeron 154 mm, siendo la media de 59,3, con lo cual el registro casi triplica el promedio mensual para noviembre, aunque a\u00fan se encuentra lejos de la marca hist\u00f3rica del a\u00f1o 1985 con una ca\u00edda de 241 mil\u00edmetros.<\/p>\n\n\n\n<p>Ante el pron\u00f3stico que anuncian la continuidad de las lluvias, se recomend\u00f3 a la poblaci\u00f3n no arrojar latas, botellas u otros elementos que puedan obstruir el sistema de desag\u00fces pluviales de la v\u00eda p\u00fablica; no sacar las bolsas de residuos; asegurar los elementos que se encuentren en obras de construcci\u00f3n, tales como chapas, ladrillos, tirantes, etc\u00e9tera<\/p>\n","protected":false},"excerpt":{"rendered":"<p>La ca\u00edda de 55 mil\u00edmetros de lluvia en la tarde de ayer termin\u00f3 por confirmar que este noviembre es uno de los m\u00e1s lluviosos de los \u00faltimos a\u00f1os. En cuesti\u00f3n de minutos, Salta se vio en un caos. La alerta amarilla emitida para la provincia pas\u00f3 a alerta naranja, y fuerte temporal de lluvia viento [&hellip;]<\/p>\n","protected":false},"author":2,"featured_media":87390,"comment_status":"open","ping_status":"open","sticky":false,"template":"","format":"standard","meta":{"tdm_status":"","tdm_grid_status":"","_joinchat":[],"footnotes":""},"categories":[73],"tags":[],"class_list":{"0":"post-87389","1":"post","2":"type-post","3":"status-publish","4":"format-standard","5":"has-post-thumbnail","7":"category-noticias-general"},"amp_enabled":true,"_links":{"self":[{"href":"https:\/\/www.todoeldia.com\/index.php\/wp-json\/wp\/v2\/posts\/87389","targetHints":{"allow":["GET"]}}],"collection":[{"href":"https:\/\/www.todoeldia.com\/index.php\/wp-json\/wp\/v2\/posts"}],"about":[{"href":"https:\/\/www.todoeldia.com\/index.php\/wp-json\/wp\/v2\/types\/post"}],"author":[{"embeddable":true,"href":"https:\/\/www.todoeldia.com\/index.php\/wp-json\/wp\/v2\/users\/2"}],"replies":[{"embeddable":true,"href":"https:\/\/www.todoeldia.com\/index.php\/wp-json\/wp\/v2\/comments?post=87389"}],"version-history":[{"count":1,"href":"https:\/\/www.todoeldia.com\/index.php\/wp-json\/wp\/v2\/posts\/87389\/revisions"}],"predecessor-version":[{"id":87397,"href":"https:\/\/www.todoeldia.com\/index.php\/wp-json\/wp\/v2\/posts\/87389\/revisions\/87397"}],"wp:featuredmedia":[{"embeddable":true,"href":"https:\/\/www.todoeldia.com\/index.php\/wp-json\/wp\/v2\/media\/87390"}],"wp:attachment":[{"href":"https:\/\/www.todoeldia.com\/index.php\/wp-json\/wp\/v2\/media?parent=87389"}],"wp:term":[{"taxonomy":"category","embeddable":true,"href":"https:\/\/www.todoeldia.com\/index.php\/wp-json\/wp\/v2\/categories?post=87389"},{"taxonomy":"post_tag","embeddable":true,"href":"https:\/\/www.todoeldia.com\/index.php\/wp-json\/wp\/v2\/tags?post=87389"}],"curies":[{"name":"wp","href":"https:\/\/api.w.org\/{rel}","templated":true}]}}