{"id":87402,"date":"2024-11-26T10:53:53","date_gmt":"2024-11-26T13:53:53","guid":{"rendered":"https:\/\/www.todoeldia.com\/?p=87402"},"modified":"2024-11-26T10:53:53","modified_gmt":"2024-11-26T13:53:53","slug":"vizcarra-y-vasquez-los-detenidos-por-el-grave-accidente-en-chicoana","status":"publish","type":"post","link":"https:\/\/www.todoeldia.com\/index.php\/2024\/11\/26\/vizcarra-y-vasquez-los-detenidos-por-el-grave-accidente-en-chicoana\/","title":{"rendered":"Vizcarra y V\u00e1squez los detenidos por el grave accidente en Chicoana"},"content":{"rendered":"\n<p>A trav\u00e9s de testigos, la Polic\u00eda pudo establecer que este veh\u00edculo era un autom\u00f3vil oscuro con parrilla en el techo del mismo y luego se produjo la detenci\u00f3n de dos adultos mayores quienes habr\u00edan protagonizado el accidente.<\/p>\n\n\n\n<p>Se trata de Domingo Ren\u00e9 Vizcarra, de 64 a\u00f1os, y de C\u00e9sar Eusebio V\u00e1squez, de 60 a\u00f1os. Ambos quedaron a disposici\u00f3n de la Justicia y luego fueron detenidos y trasladados hacia Alcaid\u00eda Judicial. Se supo que la imputaci\u00f3n a estas personas ser\u00e1 por homicidio culposo agravado por la conducci\u00f3n del veh\u00edculo motor, darse a la fuga y no socorrer a las v\u00edctimas. \u201cHubo una clara maniobra de entorpecer la investigaci\u00f3n\u201d, indicaron fuentes judiciales.<\/p>\n\n\n\n<p>El Juzgado de Garant\u00eda s\u00e9ptima nominaci\u00f3n, a cargo del Dr. Pablo Zerd\u00e1n, dio lugar a la detenci\u00f3n; se hizo ingreso a Alcald\u00eda y se les dieron a conocer la causa de detenci\u00f3n a Vizcarra y V\u00e1squez, adem\u00e1s de la extracci\u00f3n de dos juegos de fichas dactilares.<\/p>\n\n\n\n<p>Valle de Lerma Hoy<\/p>\n","protected":false},"excerpt":{"rendered":"<p>A trav\u00e9s de testigos, la Polic\u00eda pudo establecer que este veh\u00edculo era un autom\u00f3vil oscuro con parrilla en el techo del mismo y luego se produjo la detenci\u00f3n de dos adultos mayores quienes habr\u00edan protagonizado el accidente. Se trata de Domingo Ren\u00e9 Vizcarra, de 64 a\u00f1os, y de C\u00e9sar Eusebio V\u00e1squez, de 60 a\u00f1os. Ambos [&hellip;]<\/p>\n","protected":false},"author":2,"featured_media":87403,"comment_status":"open","ping_status":"open","sticky":false,"template":"","format":"standard","meta":{"tdm_status":"","tdm_grid_status":"","_joinchat":[],"footnotes":""},"categories":[63],"tags":[],"class_list":{"0":"post-87402","1":"post","2":"type-post","3":"status-publish","4":"format-standard","5":"has-post-thumbnail","7":"category-policiales"},"amp_enabled":true,"_links":{"self":[{"href":"https:\/\/www.todoeldia.com\/index.php\/wp-json\/wp\/v2\/posts\/87402","targetHints":{"allow":["GET"]}}],"collection":[{"href":"https:\/\/www.todoeldia.com\/index.php\/wp-json\/wp\/v2\/posts"}],"about":[{"href":"https:\/\/www.todoeldia.com\/index.php\/wp-json\/wp\/v2\/types\/post"}],"author":[{"embeddable":true,"href":"https:\/\/www.todoeldia.com\/index.php\/wp-json\/wp\/v2\/users\/2"}],"replies":[{"embeddable":true,"href":"https:\/\/www.todoeldia.com\/index.php\/wp-json\/wp\/v2\/comments?post=87402"}],"version-history":[{"count":1,"href":"https:\/\/www.todoeldia.com\/index.php\/wp-json\/wp\/v2\/posts\/87402\/revisions"}],"predecessor-version":[{"id":87404,"href":"https:\/\/www.todoeldia.com\/index.php\/wp-json\/wp\/v2\/posts\/87402\/revisions\/87404"}],"wp:featuredmedia":[{"embeddable":true,"href":"https:\/\/www.todoeldia.com\/index.php\/wp-json\/wp\/v2\/media\/87403"}],"wp:attachment":[{"href":"https:\/\/www.todoeldia.com\/index.php\/wp-json\/wp\/v2\/media?parent=87402"}],"wp:term":[{"taxonomy":"category","embeddable":true,"href":"https:\/\/www.todoeldia.com\/index.php\/wp-json\/wp\/v2\/categories?post=87402"},{"taxonomy":"post_tag","embeddable":true,"href":"https:\/\/www.todoeldia.com\/index.php\/wp-json\/wp\/v2\/tags?post=87402"}],"curies":[{"name":"wp","href":"https:\/\/api.w.org\/{rel}","templated":true}]}}