{"id":87431,"date":"2024-11-26T15:18:43","date_gmt":"2024-11-26T18:18:43","guid":{"rendered":"https:\/\/www.todoeldia.com\/?p=87431"},"modified":"2024-11-26T15:18:44","modified_gmt":"2024-11-26T18:18:44","slug":"3-hombres-detenidos-en-oran-por-robarle-el-celular-a-un-menor-amenazandolo-con-un-cuchillo","status":"publish","type":"post","link":"https:\/\/www.todoeldia.com\/index.php\/2024\/11\/26\/3-hombres-detenidos-en-oran-por-robarle-el-celular-a-un-menor-amenazandolo-con-un-cuchillo\/","title":{"rendered":"3 hombres detenidos en Oran por robarle el celular a un menor amenaz\u00e1ndolo con un cuchillo"},"content":{"rendered":"\n<p>Un menor de 14 a\u00f1os fue abordado en la v\u00eda p\u00fablica por tres personas desconocidas, quienes, usando un cuchillo, lo despojaron de su celular. Los sospechosos fueron demorados y se logr\u00f3 recuperar el tel\u00e9fono denunciado.<\/p>\n\n\n\n<p>La fiscal penal 1 de Or\u00e1n, Daniela Mur\u00faa, imput\u00f3 de forma provisional a tres hombres de 19, 24 y 26 a\u00f1os como autores del delito de robo doblemente agravado por ser en poblado, en banda, por el uso de arma y encubrimiento en concurso real.<\/p>\n\n\n\n<p>Los imputados fueron asistidos por defensa oficial y se abstuvieron de declarar. Desde la Fiscal\u00eda se solicit\u00f3 al Juzgado de Garant\u00edas en turno, su detenci\u00f3n.<\/p>\n\n\n\n<p>El incidente ocurri\u00f3 cuando un adolescente de 14 a\u00f1os fue abordado por tres hombres mientras se dirig\u00eda al colegio. Seg\u00fan el relato, los agresores lo amenazaron con un cuchillo exigi\u00e9ndole que entregara su celular. Tras despojarlo del dispositivo, se dieron a la fuga r\u00e1pidamente.<\/p>\n\n\n\n<p>El menor solicit\u00f3 ayuda de personal policial, quienes, advertidos, demoraron a tres sospechosos en las inmediaciones y se les secuestraron dos tel\u00e9fonos celulares, uno de propiedad del damnificado, y un cuchillo.<\/p>\n","protected":false},"excerpt":{"rendered":"<p>Un menor de 14 a\u00f1os fue abordado en la v\u00eda p\u00fablica por tres personas desconocidas, quienes, usando un cuchillo, lo despojaron de su celular. Los sospechosos fueron demorados y se logr\u00f3 recuperar el tel\u00e9fono denunciado. La fiscal penal 1 de Or\u00e1n, Daniela Mur\u00faa, imput\u00f3 de forma provisional a tres hombres de 19, 24 y 26 [&hellip;]<\/p>\n","protected":false},"author":2,"featured_media":36647,"comment_status":"open","ping_status":"open","sticky":false,"template":"","format":"standard","meta":{"tdm_status":"","tdm_grid_status":"","_joinchat":[],"footnotes":""},"categories":[63],"tags":[],"class_list":{"0":"post-87431","1":"post","2":"type-post","3":"status-publish","4":"format-standard","5":"has-post-thumbnail","7":"category-policiales"},"amp_enabled":true,"_links":{"self":[{"href":"https:\/\/www.todoeldia.com\/index.php\/wp-json\/wp\/v2\/posts\/87431","targetHints":{"allow":["GET"]}}],"collection":[{"href":"https:\/\/www.todoeldia.com\/index.php\/wp-json\/wp\/v2\/posts"}],"about":[{"href":"https:\/\/www.todoeldia.com\/index.php\/wp-json\/wp\/v2\/types\/post"}],"author":[{"embeddable":true,"href":"https:\/\/www.todoeldia.com\/index.php\/wp-json\/wp\/v2\/users\/2"}],"replies":[{"embeddable":true,"href":"https:\/\/www.todoeldia.com\/index.php\/wp-json\/wp\/v2\/comments?post=87431"}],"version-history":[{"count":1,"href":"https:\/\/www.todoeldia.com\/index.php\/wp-json\/wp\/v2\/posts\/87431\/revisions"}],"predecessor-version":[{"id":87432,"href":"https:\/\/www.todoeldia.com\/index.php\/wp-json\/wp\/v2\/posts\/87431\/revisions\/87432"}],"wp:featuredmedia":[{"embeddable":true,"href":"https:\/\/www.todoeldia.com\/index.php\/wp-json\/wp\/v2\/media\/36647"}],"wp:attachment":[{"href":"https:\/\/www.todoeldia.com\/index.php\/wp-json\/wp\/v2\/media?parent=87431"}],"wp:term":[{"taxonomy":"category","embeddable":true,"href":"https:\/\/www.todoeldia.com\/index.php\/wp-json\/wp\/v2\/categories?post=87431"},{"taxonomy":"post_tag","embeddable":true,"href":"https:\/\/www.todoeldia.com\/index.php\/wp-json\/wp\/v2\/tags?post=87431"}],"curies":[{"name":"wp","href":"https:\/\/api.w.org\/{rel}","templated":true}]}}