{"id":87435,"date":"2024-11-26T15:33:50","date_gmt":"2024-11-26T18:33:50","guid":{"rendered":"https:\/\/www.todoeldia.com\/?p=87435"},"modified":"2024-11-26T15:33:51","modified_gmt":"2024-11-26T18:33:51","slug":"trabajadores-de-ate-de-oran-quieren-los-mismos-beneficios-que-tienen-los-de-la-capital","status":"publish","type":"post","link":"https:\/\/www.todoeldia.com\/index.php\/2024\/11\/26\/trabajadores-de-ate-de-oran-quieren-los-mismos-beneficios-que-tienen-los-de-la-capital\/","title":{"rendered":"Trabajadores de ATE de Oran quieren los mismos beneficios que tienen los de la Capital"},"content":{"rendered":"\n<p>El 19 de Agosto de 2024, se inicia el tr\u00e1mite de los autos caratulados \u201cPizola, Mar\u00eda Julia c\/ consejo directivo provincial de los trabajadores del estado (A.T.E.), Expte. 872963\/24, en el Juzgado en lo Civil de Personas y Familias, 2\u00ba Nominaci\u00f3n, Distrito Judicial Or\u00e1n. A cargo de la Ana Mar\u00eda Carriquiry: jueza, secretar\u00eda 3, a cargo del Federico Garc\u00eda.<\/p>\n\n\n\n<p>El Amparo Colectivo, tiene como objeto de la pretensi\u00f3n que el Consejo Directivo Provincial de los Trabajadores del Estado (A.T.E.), brinden el mismo trato en igualdad de condiciones a los afiliados de la entidad Gremial que residen en el Depto. Or\u00e1n, los que abonan mensualmente el coseguro. Concretamente solicita que se ordene al consejo otorgar efectivamente los mismos beneficios de los que gozan los afiliados con residencia en la capital de la Provincia de Salta.<\/p>\n\n\n\n<p>La jueza, Ana Mar\u00eda Carriquiry, resolvi\u00f3 en fecha 22 de Noviembre de 2024: HABILITAR un periodo para que las personas ausentes que se encuentren en el colectivo (Afiliados de A.T.E., del Departamento Or\u00e1n de la Provincia de Salta) puedan formular postulaciones en relaci\u00f3n a la presentaci\u00f3n efectuada, remitiendo la misma al correo electr\u00f3nico oficial de este Tribunal: operyfam2@justiciasalta.gov.ar , donde deber\u00e1n consignar nombre completo, D.N.I., domicilio, n\u00famero de Afiliado, aclarando si adhiere al amparo colectivo. El plazo para efectuar las presentaciones se habilitar\u00e1 desde el d\u00eda Jueves 28 de Noviembre del 2024, a partir de hs. 00:00 hasta las 20:00 hs. del d\u00eda Viernes 29 de Noviembre del 2024. Las presentaciones efectuadas con posterioridad no ser\u00e1n agregadas al proceso.<\/p>\n\n\n\n<p>Por \u00faltimo, es preciso informar que se encuentra prevista la celebraci\u00f3n de una Audiencia a realizarse el d\u00eda 12 de Diciembre de 2024, a hs. 11:00.<\/p>\n","protected":false},"excerpt":{"rendered":"<p>El 19 de Agosto de 2024, se inicia el tr\u00e1mite de los autos caratulados \u201cPizola, Mar\u00eda Julia c\/ consejo directivo provincial de los trabajadores del estado (A.T.E.), Expte. 872963\/24, en el Juzgado en lo Civil de Personas y Familias, 2\u00ba Nominaci\u00f3n, Distrito Judicial Or\u00e1n. A cargo de la Ana Mar\u00eda Carriquiry: jueza, secretar\u00eda 3, a [&hellip;]<\/p>\n","protected":false},"author":2,"featured_media":87436,"comment_status":"open","ping_status":"open","sticky":false,"template":"","format":"standard","meta":{"tdm_status":"","tdm_grid_status":"","_joinchat":[],"footnotes":""},"categories":[73],"tags":[],"class_list":{"0":"post-87435","1":"post","2":"type-post","3":"status-publish","4":"format-standard","5":"has-post-thumbnail","7":"category-noticias-general"},"amp_enabled":true,"_links":{"self":[{"href":"https:\/\/www.todoeldia.com\/index.php\/wp-json\/wp\/v2\/posts\/87435","targetHints":{"allow":["GET"]}}],"collection":[{"href":"https:\/\/www.todoeldia.com\/index.php\/wp-json\/wp\/v2\/posts"}],"about":[{"href":"https:\/\/www.todoeldia.com\/index.php\/wp-json\/wp\/v2\/types\/post"}],"author":[{"embeddable":true,"href":"https:\/\/www.todoeldia.com\/index.php\/wp-json\/wp\/v2\/users\/2"}],"replies":[{"embeddable":true,"href":"https:\/\/www.todoeldia.com\/index.php\/wp-json\/wp\/v2\/comments?post=87435"}],"version-history":[{"count":1,"href":"https:\/\/www.todoeldia.com\/index.php\/wp-json\/wp\/v2\/posts\/87435\/revisions"}],"predecessor-version":[{"id":87437,"href":"https:\/\/www.todoeldia.com\/index.php\/wp-json\/wp\/v2\/posts\/87435\/revisions\/87437"}],"wp:featuredmedia":[{"embeddable":true,"href":"https:\/\/www.todoeldia.com\/index.php\/wp-json\/wp\/v2\/media\/87436"}],"wp:attachment":[{"href":"https:\/\/www.todoeldia.com\/index.php\/wp-json\/wp\/v2\/media?parent=87435"}],"wp:term":[{"taxonomy":"category","embeddable":true,"href":"https:\/\/www.todoeldia.com\/index.php\/wp-json\/wp\/v2\/categories?post=87435"},{"taxonomy":"post_tag","embeddable":true,"href":"https:\/\/www.todoeldia.com\/index.php\/wp-json\/wp\/v2\/tags?post=87435"}],"curies":[{"name":"wp","href":"https:\/\/api.w.org\/{rel}","templated":true}]}}