{"id":87459,"date":"2024-11-26T21:29:11","date_gmt":"2024-11-27T00:29:11","guid":{"rendered":"https:\/\/www.todoeldia.com\/?p=87459"},"modified":"2024-11-26T21:29:11","modified_gmt":"2024-11-27T00:29:11","slug":"se-investiga-de-oficio-a-un-policia-que-se-hizo-el-pesado-durante-un-procedimiento","status":"publish","type":"post","link":"https:\/\/www.todoeldia.com\/index.php\/2024\/11\/26\/se-investiga-de-oficio-a-un-policia-que-se-hizo-el-pesado-durante-un-procedimiento\/","title":{"rendered":"Se investiga de oficio a un polic\u00eda que se hizo el \u201cpesado\u201d durante un procedimiento"},"content":{"rendered":"\n<p>A ra\u00edz de una denuncia realizada por un vecino a trav\u00e9s de un medio de comunicaci\u00f3n local sobre el accionar de un efectivo policial durante un procedimiento, se iniciaron actuaciones de oficio.<\/p>\n\n\n\n<p>La Fiscal\u00eda Penal de Derechos Humanos interviene de oficio ante una denuncia publicada en un medio digital local, en la que un hombre afirma que un efectivo policial le falt\u00f3 al respeto, quiso sacarlo a empujones del lugar donde se encontraba y que se rehus\u00f3 a identificarse.<\/p>\n\n\n\n<p>Un vecino denunci\u00f3 que en la madrugada de este martes 26, durante un allanamiento en un local de calle Ayacucho al 1000, los efectivos convocaron a su madre, una mujer que padece sordera de 80 a\u00f1os, como testigo. Al reclamar por la participaci\u00f3n de su madre en tal carga p\u00fablica, el hombre afirm\u00f3 haber sido empujado por un polic\u00eda, quien adem\u00e1s le impidi\u00f3 tomar fotograf\u00edas y amenaz\u00f3 con detenerlo.<\/p>\n\n\n\n<p>La fiscal\u00eda dispuso una serie de medidas, entre ellas el relevamiento vecinal por parte del Cuerpo Especializado de Investigadores (CEI) y la revisi\u00f3n de c\u00e1maras del lugar donde ocurrieron los hechos, con el objetivo de recopilar informaci\u00f3n relevante para la causa y avanzar en el esclarecimiento de lo sucedido.<\/p>\n\n\n\n<p>Adem\u00e1s, se dispuso citar al denunciante para que se presente en sede fiscal.<\/p>\n","protected":false},"excerpt":{"rendered":"<p>A ra\u00edz de una denuncia realizada por un vecino a trav\u00e9s de un medio de comunicaci\u00f3n local sobre el accionar de un efectivo policial durante un procedimiento, se iniciaron actuaciones de oficio. La Fiscal\u00eda Penal de Derechos Humanos interviene de oficio ante una denuncia publicada en un medio digital local, en la que un hombre [&hellip;]<\/p>\n","protected":false},"author":2,"featured_media":38061,"comment_status":"open","ping_status":"open","sticky":false,"template":"","format":"standard","meta":{"tdm_status":"","tdm_grid_status":"","_joinchat":[],"footnotes":""},"categories":[63],"tags":[],"class_list":{"0":"post-87459","1":"post","2":"type-post","3":"status-publish","4":"format-standard","5":"has-post-thumbnail","7":"category-policiales"},"amp_enabled":true,"_links":{"self":[{"href":"https:\/\/www.todoeldia.com\/index.php\/wp-json\/wp\/v2\/posts\/87459","targetHints":{"allow":["GET"]}}],"collection":[{"href":"https:\/\/www.todoeldia.com\/index.php\/wp-json\/wp\/v2\/posts"}],"about":[{"href":"https:\/\/www.todoeldia.com\/index.php\/wp-json\/wp\/v2\/types\/post"}],"author":[{"embeddable":true,"href":"https:\/\/www.todoeldia.com\/index.php\/wp-json\/wp\/v2\/users\/2"}],"replies":[{"embeddable":true,"href":"https:\/\/www.todoeldia.com\/index.php\/wp-json\/wp\/v2\/comments?post=87459"}],"version-history":[{"count":1,"href":"https:\/\/www.todoeldia.com\/index.php\/wp-json\/wp\/v2\/posts\/87459\/revisions"}],"predecessor-version":[{"id":87460,"href":"https:\/\/www.todoeldia.com\/index.php\/wp-json\/wp\/v2\/posts\/87459\/revisions\/87460"}],"wp:featuredmedia":[{"embeddable":true,"href":"https:\/\/www.todoeldia.com\/index.php\/wp-json\/wp\/v2\/media\/38061"}],"wp:attachment":[{"href":"https:\/\/www.todoeldia.com\/index.php\/wp-json\/wp\/v2\/media?parent=87459"}],"wp:term":[{"taxonomy":"category","embeddable":true,"href":"https:\/\/www.todoeldia.com\/index.php\/wp-json\/wp\/v2\/categories?post=87459"},{"taxonomy":"post_tag","embeddable":true,"href":"https:\/\/www.todoeldia.com\/index.php\/wp-json\/wp\/v2\/tags?post=87459"}],"curies":[{"name":"wp","href":"https:\/\/api.w.org\/{rel}","templated":true}]}}