{"id":87475,"date":"2024-11-27T09:56:12","date_gmt":"2024-11-27T12:56:12","guid":{"rendered":"https:\/\/www.todoeldia.com\/?p=87475"},"modified":"2024-11-27T09:56:12","modified_gmt":"2024-11-27T12:56:12","slug":"detienen-en-r-de-la-frontera-a-la-mujer-que-agredio-a-punaladas-a-un-joven","status":"publish","type":"post","link":"https:\/\/www.todoeldia.com\/index.php\/2024\/11\/27\/detienen-en-r-de-la-frontera-a-la-mujer-que-agredio-a-punaladas-a-un-joven\/","title":{"rendered":"Detienen en R\u00b0 de la Frontera a la mujer que agredi\u00f3 a pu\u00f1aladas a un joven"},"content":{"rendered":"\n<p>Se trata de un adolescente, quien fue agredido con un arma blanca en distintas partes del cuerpo y por la gravedad de las heridas, fue trasladado al hospital San Bernardo, donde permanece con pron\u00f3stico reservado.<\/p>\n\n\n\n<p>El fiscal penal de Rosario de la Frontera, Nicol\u00e1s Rodr\u00edguez L\u00f3pez, imput\u00f3 de forma provisional a una mujer de 36 a\u00f1os como autora del delito de lesiones graves en perjuicio de un menor de edad.<\/p>\n\n\n\n<p>Tras la audiencia de imputaci\u00f3n, desde la Fiscal\u00eda se solicit\u00f3 al Juzgado de Garant\u00edas interviniente que la mujer permanezca detenida.<\/p>\n\n\n\n<p>El hecho investigado ocurri\u00f3 el pasado 21 de noviembre, cuando un adolescente de 16 a\u00f1os se encontraba en la puerta de su casa y lleg\u00f3 una mujer con un arma blanca y lo hiri\u00f3 en distintas partes del cuerpo, provoc\u00e1ndole lesiones graves que causaron su traslado al hospital San Bernardo, donde permanece con pron\u00f3stico reservado.<\/p>\n\n\n\n<p>Seg\u00fan se\u00f1alan en la denuncia, la mujer se retir\u00f3 del lugar en una motocicleta junto a otras personas que la acompa\u00f1aban.<\/p>\n\n\n\n<p>De las tareas investigativas desplegadas se identific\u00f3 a la acusada como sospechosa de la agresi\u00f3n y se produjo su detenci\u00f3n.<\/p>\n","protected":false},"excerpt":{"rendered":"<p>Se trata de un adolescente, quien fue agredido con un arma blanca en distintas partes del cuerpo y por la gravedad de las heridas, fue trasladado al hospital San Bernardo, donde permanece con pron\u00f3stico reservado. El fiscal penal de Rosario de la Frontera, Nicol\u00e1s Rodr\u00edguez L\u00f3pez, imput\u00f3 de forma provisional a una mujer de 36 [&hellip;]<\/p>\n","protected":false},"author":2,"featured_media":73918,"comment_status":"open","ping_status":"open","sticky":false,"template":"","format":"standard","meta":{"tdm_status":"","tdm_grid_status":"","_joinchat":[],"footnotes":""},"categories":[63],"tags":[],"class_list":{"0":"post-87475","1":"post","2":"type-post","3":"status-publish","4":"format-standard","5":"has-post-thumbnail","7":"category-policiales"},"amp_enabled":true,"_links":{"self":[{"href":"https:\/\/www.todoeldia.com\/index.php\/wp-json\/wp\/v2\/posts\/87475","targetHints":{"allow":["GET"]}}],"collection":[{"href":"https:\/\/www.todoeldia.com\/index.php\/wp-json\/wp\/v2\/posts"}],"about":[{"href":"https:\/\/www.todoeldia.com\/index.php\/wp-json\/wp\/v2\/types\/post"}],"author":[{"embeddable":true,"href":"https:\/\/www.todoeldia.com\/index.php\/wp-json\/wp\/v2\/users\/2"}],"replies":[{"embeddable":true,"href":"https:\/\/www.todoeldia.com\/index.php\/wp-json\/wp\/v2\/comments?post=87475"}],"version-history":[{"count":1,"href":"https:\/\/www.todoeldia.com\/index.php\/wp-json\/wp\/v2\/posts\/87475\/revisions"}],"predecessor-version":[{"id":87476,"href":"https:\/\/www.todoeldia.com\/index.php\/wp-json\/wp\/v2\/posts\/87475\/revisions\/87476"}],"wp:featuredmedia":[{"embeddable":true,"href":"https:\/\/www.todoeldia.com\/index.php\/wp-json\/wp\/v2\/media\/73918"}],"wp:attachment":[{"href":"https:\/\/www.todoeldia.com\/index.php\/wp-json\/wp\/v2\/media?parent=87475"}],"wp:term":[{"taxonomy":"category","embeddable":true,"href":"https:\/\/www.todoeldia.com\/index.php\/wp-json\/wp\/v2\/categories?post=87475"},{"taxonomy":"post_tag","embeddable":true,"href":"https:\/\/www.todoeldia.com\/index.php\/wp-json\/wp\/v2\/tags?post=87475"}],"curies":[{"name":"wp","href":"https:\/\/api.w.org\/{rel}","templated":true}]}}