{"id":87480,"date":"2024-11-27T10:09:37","date_gmt":"2024-11-27T13:09:37","guid":{"rendered":"https:\/\/www.todoeldia.com\/?p=87480"},"modified":"2024-11-27T10:09:38","modified_gmt":"2024-11-27T13:09:38","slug":"esta-grave-preocupacion-por-la-salud-de-lia-crucet","status":"publish","type":"post","link":"https:\/\/www.todoeldia.com\/index.php\/2024\/11\/27\/esta-grave-preocupacion-por-la-salud-de-lia-crucet\/","title":{"rendered":"&#8220;Est\u00e1 grave&#8221;: preocupaci\u00f3n por la salud de L\u00eda Crucet"},"content":{"rendered":"\n<p>La cantante de m\u00fasica tropical se encuentra internada, batallando contra un c\u00e1ncer broncopulmonar.<\/p>\n\n\n\n<p>La cantante de m\u00fasica tropical Delia Crucet, conocida art\u00edsticamente c\u00f3mo L\u00eda Crucet, est\u00e1 grave de salud. La artista se encuentra internada en un hospital de la ciudad de Mar del Plata y padece un c\u00e1ncer broncopulmonar.<\/p>\n\n\n\n<p>\u201cTiene c\u00e1ncer broncopulmonar, no se le puede tratar y est\u00e1 d\u00e9bil\u201d, dijo Karina, hija de la cantante, a Noticias Argentinas.<\/p>\n\n\n\n<p>L\u00eda est\u00e1 internada en el Hospital \u2018La comunidad\u2019, en Mar del Plata, y su estado habr\u00eda empeorado en las \u00faltimas horas.<\/p>\n\n\n\n<p>El 2021 fue un a\u00f1o de sus a\u00f1os m\u00e1s dif\u00edciles a nivel f\u00edsico, ya que sufri\u00f3 un accidente dom\u00e9stico en el cual se quebr\u00f3 la cadera, padeci\u00f3 una neumon\u00eda, baj\u00f3 60 kilos y tuvo una p\u00e9rdida parcial de pelo.<\/p>\n\n\n\n<p>A fines de ese a\u00f1o fue trasladada a un geri\u00e1trico en la ciudad de Mar del Plata y en marzo de 2022 debi\u00f3 ser intervenida a ra\u00edz de una cirug\u00eda anterior.<\/p>\n","protected":false},"excerpt":{"rendered":"<p>La cantante de m\u00fasica tropical se encuentra internada, batallando contra un c\u00e1ncer broncopulmonar. La cantante de m\u00fasica tropical Delia Crucet, conocida art\u00edsticamente c\u00f3mo L\u00eda Crucet, est\u00e1 grave de salud. La artista se encuentra internada en un hospital de la ciudad de Mar del Plata y padece un c\u00e1ncer broncopulmonar. \u201cTiene c\u00e1ncer broncopulmonar, no se le [&hellip;]<\/p>\n","protected":false},"author":2,"featured_media":87481,"comment_status":"open","ping_status":"open","sticky":false,"template":"","format":"standard","meta":{"tdm_status":"","tdm_grid_status":"","_joinchat":[],"footnotes":""},"categories":[120],"tags":[],"class_list":{"0":"post-87480","1":"post","2":"type-post","3":"status-publish","4":"format-standard","5":"has-post-thumbnail","7":"category-espectaculos-2"},"amp_enabled":true,"_links":{"self":[{"href":"https:\/\/www.todoeldia.com\/index.php\/wp-json\/wp\/v2\/posts\/87480","targetHints":{"allow":["GET"]}}],"collection":[{"href":"https:\/\/www.todoeldia.com\/index.php\/wp-json\/wp\/v2\/posts"}],"about":[{"href":"https:\/\/www.todoeldia.com\/index.php\/wp-json\/wp\/v2\/types\/post"}],"author":[{"embeddable":true,"href":"https:\/\/www.todoeldia.com\/index.php\/wp-json\/wp\/v2\/users\/2"}],"replies":[{"embeddable":true,"href":"https:\/\/www.todoeldia.com\/index.php\/wp-json\/wp\/v2\/comments?post=87480"}],"version-history":[{"count":1,"href":"https:\/\/www.todoeldia.com\/index.php\/wp-json\/wp\/v2\/posts\/87480\/revisions"}],"predecessor-version":[{"id":87482,"href":"https:\/\/www.todoeldia.com\/index.php\/wp-json\/wp\/v2\/posts\/87480\/revisions\/87482"}],"wp:featuredmedia":[{"embeddable":true,"href":"https:\/\/www.todoeldia.com\/index.php\/wp-json\/wp\/v2\/media\/87481"}],"wp:attachment":[{"href":"https:\/\/www.todoeldia.com\/index.php\/wp-json\/wp\/v2\/media?parent=87480"}],"wp:term":[{"taxonomy":"category","embeddable":true,"href":"https:\/\/www.todoeldia.com\/index.php\/wp-json\/wp\/v2\/categories?post=87480"},{"taxonomy":"post_tag","embeddable":true,"href":"https:\/\/www.todoeldia.com\/index.php\/wp-json\/wp\/v2\/tags?post=87480"}],"curies":[{"name":"wp","href":"https:\/\/api.w.org\/{rel}","templated":true}]}}