{"id":87489,"date":"2024-11-27T10:20:32","date_gmt":"2024-11-27T13:20:32","guid":{"rendered":"https:\/\/www.todoeldia.com\/?p=87489"},"modified":"2024-11-27T10:20:33","modified_gmt":"2024-11-27T13:20:33","slug":"adulterio-la-estrategia-de-mauro-icardi-para-divorciarse-de-wanda-nara","status":"publish","type":"post","link":"https:\/\/www.todoeldia.com\/index.php\/2024\/11\/27\/adulterio-la-estrategia-de-mauro-icardi-para-divorciarse-de-wanda-nara\/","title":{"rendered":"&#8220;Adulterio&#8221;: la estrategia de Mauro Icardi para divorciarse de Wanda Nara"},"content":{"rendered":"\n<p>En LAM compartieron los detalles del divorcio que preocupan a la conductora de Bake Off.<\/p>\n\n\n\n<p>Se conocen m\u00e1s detalles de la pol\u00e9mica separaci\u00f3n entre Wanda Nara y Mauro Icardi, y la estrategia judicial que planean sus abogados. Seg\u00fan trascendi\u00f3, los letrados se disputan d\u00f3nde iniciar el juicio de divorcio, ya que ser\u00eda decisivo para el futuro de la batalla legal.<\/p>\n\n\n\n<p>Seg\u00fan el futbolista, la conductora de Telefe se asent\u00f3 en Argentina con el resto de su familia sin su autorizaci\u00f3n, mientras que Wanda sostiene que \u00e9l estaba a punto de firmar contrato con un club local para estar cerca de ellos.<\/p>\n\n\n\n<p>Por otra parte, en LAM respaldaron las declaraciones de Icardi, remarcando que el Galatasaray le ofreci\u00f3 renovar contrato v\u00e1lido a partir de marzo.<\/p>\n\n\n\n<p>\u201cElla le dijo que se iba a venir de vacaciones, y \u00e9l iba a ir y venir para verla en las fechas FIFA. Por eso vino varias veces y se mostraban juntos. (\u2026) Por eso, ahora cuando inicia este proceso, ella declara que el d\u00eda de la separaci\u00f3n fue en octubre\u201d, explic\u00f3 Yanina Latorre en LAM.<\/p>\n\n\n\n<figure class=\"wp-block-image size-full is-resized\"><img loading=\"lazy\" decoding=\"async\" width=\"802\" height=\"450\" src=\"https:\/\/www.todoeldia.com\/wp-content\/uploads\/2024\/11\/elegante-con-wanda.jpg\" alt=\"\" class=\"wp-image-86326\" style=\"width:1053px;height:auto\" srcset=\"https:\/\/www.todoeldia.com\/wp-content\/uploads\/2024\/11\/elegante-con-wanda.jpg 802w, https:\/\/www.todoeldia.com\/wp-content\/uploads\/2024\/11\/elegante-con-wanda-300x168.jpg 300w, https:\/\/www.todoeldia.com\/wp-content\/uploads\/2024\/11\/elegante-con-wanda-768x431.jpg 768w, https:\/\/www.todoeldia.com\/wp-content\/uploads\/2024\/11\/elegante-con-wanda-749x420.jpg 749w, https:\/\/www.todoeldia.com\/wp-content\/uploads\/2024\/11\/elegante-con-wanda-696x391.jpg 696w\" sizes=\"auto, (max-width: 802px) 100vw, 802px\" \/><\/figure>\n\n\n\n<p>Y agreg\u00f3: \u201cEl mismo d\u00eda que pis\u00f3 Argentina hizo un tr\u00e1mite en migraciones y pidi\u00f3 la residencia unilateral argentina de las hijas sin estar de acuerdo el padre. Rosenfeld le dijo a Icardi que ten\u00edan ganas de tramitarla, pero \u00e9l se dio cuanta la que se ven\u00eda y se la neg\u00f3\u201d.<\/p>\n\n\n\n<p>\u201cCompraron juntos tres departamentos, alquilaron dos y no le permiten vivir en ninguno, y en el otro se fue a vivir con los chicos y sin estar separados ya dorm\u00eda ah\u00ed L-Gante. Pero el departamento es de los dos y ah\u00ed le toc\u00f3 un poco el culo al tipo\u201d, remarc\u00f3.<\/p>\n\n\n\n<p>Seg\u00fan explicaron en LAM, el propio futbolista no estaba de acuerdo con la escolaridad de sus hijas Isabella y Francesa en Buenos Aires y as\u00ed se lo hizo saber a la instituci\u00f3n.<\/p>\n\n\n\n<p>La estrategia de Mauro Icardi contra Wanda Nara<\/p>\n\n\n\n<p>&nbsp;Pepe Ochoa cont\u00f3 la posible estrategia legal que planean los abogados del futbolista y que preocupa a Wanda Nara y Ana Rosenfeld.<\/p>\n\n\n\n<p>\u201cHay algo que a Wanda es lo que m\u00e1s miedo le da que el del adulterio. All\u00e1 en Estambul existe el adulterio, y si el utilizara estas situaciones con L-Gante, Wanda estar\u00eda muy complicada con el tema de la tenencia\u201d, explic\u00f3 el panelista.<\/p>\n\n\n\n<p>\u201cLa desesperaci\u00f3n de Wanda y de Ana es tramitar ac\u00e1 el juicio por este plan que armaron y van a basarse en que, como en la primera audiencia Icardi no fue, ellas sostienen que arrancaron ac\u00e1 las audiencias y \u00e9l no se present\u00f3\u201d, acot\u00f3 Yanina.<\/p>\n","protected":false},"excerpt":{"rendered":"<p>En LAM compartieron los detalles del divorcio que preocupan a la conductora de Bake Off. Se conocen m\u00e1s detalles de la pol\u00e9mica separaci\u00f3n entre Wanda Nara y Mauro Icardi, y la estrategia judicial que planean sus abogados. Seg\u00fan trascendi\u00f3, los letrados se disputan d\u00f3nde iniciar el juicio de divorcio, ya que ser\u00eda decisivo para el [&hellip;]<\/p>\n","protected":false},"author":2,"featured_media":87490,"comment_status":"open","ping_status":"open","sticky":false,"template":"","format":"standard","meta":{"tdm_status":"","tdm_grid_status":"","_joinchat":[],"footnotes":""},"categories":[120],"tags":[],"class_list":{"0":"post-87489","1":"post","2":"type-post","3":"status-publish","4":"format-standard","5":"has-post-thumbnail","7":"category-espectaculos-2"},"amp_enabled":true,"_links":{"self":[{"href":"https:\/\/www.todoeldia.com\/index.php\/wp-json\/wp\/v2\/posts\/87489","targetHints":{"allow":["GET"]}}],"collection":[{"href":"https:\/\/www.todoeldia.com\/index.php\/wp-json\/wp\/v2\/posts"}],"about":[{"href":"https:\/\/www.todoeldia.com\/index.php\/wp-json\/wp\/v2\/types\/post"}],"author":[{"embeddable":true,"href":"https:\/\/www.todoeldia.com\/index.php\/wp-json\/wp\/v2\/users\/2"}],"replies":[{"embeddable":true,"href":"https:\/\/www.todoeldia.com\/index.php\/wp-json\/wp\/v2\/comments?post=87489"}],"version-history":[{"count":1,"href":"https:\/\/www.todoeldia.com\/index.php\/wp-json\/wp\/v2\/posts\/87489\/revisions"}],"predecessor-version":[{"id":87491,"href":"https:\/\/www.todoeldia.com\/index.php\/wp-json\/wp\/v2\/posts\/87489\/revisions\/87491"}],"wp:featuredmedia":[{"embeddable":true,"href":"https:\/\/www.todoeldia.com\/index.php\/wp-json\/wp\/v2\/media\/87490"}],"wp:attachment":[{"href":"https:\/\/www.todoeldia.com\/index.php\/wp-json\/wp\/v2\/media?parent=87489"}],"wp:term":[{"taxonomy":"category","embeddable":true,"href":"https:\/\/www.todoeldia.com\/index.php\/wp-json\/wp\/v2\/categories?post=87489"},{"taxonomy":"post_tag","embeddable":true,"href":"https:\/\/www.todoeldia.com\/index.php\/wp-json\/wp\/v2\/tags?post=87489"}],"curies":[{"name":"wp","href":"https:\/\/api.w.org\/{rel}","templated":true}]}}