{"id":87495,"date":"2024-11-27T11:21:42","date_gmt":"2024-11-27T14:21:42","guid":{"rendered":"https:\/\/www.todoeldia.com\/?p=87495"},"modified":"2024-11-27T11:21:45","modified_gmt":"2024-11-27T14:21:45","slug":"el-accidente-en-chicoana-con-3-muertos-se-habria-producido-en-un-choque-frontal-entre-las-2-motocicletas","status":"publish","type":"post","link":"https:\/\/www.todoeldia.com\/index.php\/2024\/11\/27\/el-accidente-en-chicoana-con-3-muertos-se-habria-producido-en-un-choque-frontal-entre-las-2-motocicletas\/","title":{"rendered":"El accidente en Chicoana con 3 muertos se habr\u00eda producido en un choque frontal entre las 2 motocicletas"},"content":{"rendered":"\n<p>La investigaci\u00f3n sobre el tr\u00e1gico fallecimiento de tres j\u00f3venes en Chicoana en la ruta 33 contin\u00faa arrojando nuevas hip\u00f3tesis y descartando versiones iniciales. Domingo Ren\u00e9 Vizcarra (64) y C\u00e9sar Eusebio V\u00e1squez (60), inicialmente detenidos bajo la sospecha de haber atropellado a las v\u00edctimas, quedaron en libertad tras demostrarse que no se dieron a la fuga y colaboraron con las autoridades al reportar el accidente en la Comisar\u00eda de Chicoana. A pesar de ello, ambos permanecen vinculados a la causa mientras se esclarecen las circunstancias del hecho.<\/p>\n\n\n\n<figure class=\"wp-block-image size-full is-resized\"><img loading=\"lazy\" decoding=\"async\" width=\"800\" height=\"489\" src=\"https:\/\/www.todoeldia.com\/wp-content\/uploads\/2024\/11\/image-177.png\" alt=\"\" class=\"wp-image-87496\" style=\"width:1053px;height:auto\" srcset=\"https:\/\/www.todoeldia.com\/wp-content\/uploads\/2024\/11\/image-177.png 800w, https:\/\/www.todoeldia.com\/wp-content\/uploads\/2024\/11\/image-177-300x183.png 300w, https:\/\/www.todoeldia.com\/wp-content\/uploads\/2024\/11\/image-177-768x469.png 768w, https:\/\/www.todoeldia.com\/wp-content\/uploads\/2024\/11\/image-177-687x420.png 687w, https:\/\/www.todoeldia.com\/wp-content\/uploads\/2024\/11\/image-177-696x425.png 696w\" sizes=\"auto, (max-width: 800px) 100vw, 800px\" \/><\/figure>\n\n\n\n<p>Hip\u00f3tesis principal: colisi\u00f3n entre motocicletas<\/p>\n\n\n\n<p>Seg\u00fan la investigaci\u00f3n por la Fiscal\u00eda, las evidencias y los testimonios recabados apuntan a que los j\u00f3venes, que viajaban en motocicletas, habr\u00edan colisionado frontalmente entre s\u00ed. El incidente habr\u00eda ocurrido en una ruta con condiciones adversas debido a la lluvia y la escasa iluminaci\u00f3n, lo que habr\u00eda ocasionado que las v\u00edctimas cayeran sobre la cinta asf\u00e1ltica. Testigos aseguran que el veh\u00edculo conducido por Vizcarra habr\u00eda impactado con uno de los cuerpos ya inertes en el asfalto, lo que refuerza la hip\u00f3tesis de que las muertes fueron consecuencia directa del choque entre las motocicletas y no del atropellamiento posterior.<\/p>\n\n\n\n<p>Descargos y procedimiento judicial<\/p>\n\n\n\n<p>Fuentes judiciales informaron que, en un principio, Vizcarra y V\u00e1squez fueron imputados por homicidio culposo agravado por la conducci\u00f3n de un veh\u00edculo, supuesta fuga y omisi\u00f3n de auxilio, bajo el argumento de que habr\u00edan intentado entorpecer la investigaci\u00f3n. Sin embargo, las pruebas recopiladas contradicen estas acusaciones. El Juzgado de Garant\u00edas 7, a cargo del Dr. Pablo Zerd\u00e1n, orden\u00f3 la extracci\u00f3n de fichas dactilares y otras medidas procesales, pero hasta el momento no existen elementos concluyentes que atribuyan a los imputados la responsabilidad directa en las muertes.<\/p>\n\n\n\n<p>La investigaci\u00f3n sigue su curso para determinar con precisi\u00f3n los eventos que llevaron a este tr\u00e1gico desenlace, manteniendo la hip\u00f3tesis del choque frontal entre motocicletas como la principal l\u00ednea de trabajo.<\/p>\n\n\n\n<p>Valle de Lerma Hoy<\/p>\n","protected":false},"excerpt":{"rendered":"<p>La investigaci\u00f3n sobre el tr\u00e1gico fallecimiento de tres j\u00f3venes en Chicoana en la ruta 33 contin\u00faa arrojando nuevas hip\u00f3tesis y descartando versiones iniciales. Domingo Ren\u00e9 Vizcarra (64) y C\u00e9sar Eusebio V\u00e1squez (60), inicialmente detenidos bajo la sospecha de haber atropellado a las v\u00edctimas, quedaron en libertad tras demostrarse que no se dieron a la fuga [&hellip;]<\/p>\n","protected":false},"author":2,"featured_media":87403,"comment_status":"open","ping_status":"open","sticky":false,"template":"","format":"standard","meta":{"tdm_status":"","tdm_grid_status":"","_joinchat":[],"footnotes":""},"categories":[63],"tags":[],"class_list":{"0":"post-87495","1":"post","2":"type-post","3":"status-publish","4":"format-standard","5":"has-post-thumbnail","7":"category-policiales"},"amp_enabled":true,"_links":{"self":[{"href":"https:\/\/www.todoeldia.com\/index.php\/wp-json\/wp\/v2\/posts\/87495","targetHints":{"allow":["GET"]}}],"collection":[{"href":"https:\/\/www.todoeldia.com\/index.php\/wp-json\/wp\/v2\/posts"}],"about":[{"href":"https:\/\/www.todoeldia.com\/index.php\/wp-json\/wp\/v2\/types\/post"}],"author":[{"embeddable":true,"href":"https:\/\/www.todoeldia.com\/index.php\/wp-json\/wp\/v2\/users\/2"}],"replies":[{"embeddable":true,"href":"https:\/\/www.todoeldia.com\/index.php\/wp-json\/wp\/v2\/comments?post=87495"}],"version-history":[{"count":2,"href":"https:\/\/www.todoeldia.com\/index.php\/wp-json\/wp\/v2\/posts\/87495\/revisions"}],"predecessor-version":[{"id":87498,"href":"https:\/\/www.todoeldia.com\/index.php\/wp-json\/wp\/v2\/posts\/87495\/revisions\/87498"}],"wp:featuredmedia":[{"embeddable":true,"href":"https:\/\/www.todoeldia.com\/index.php\/wp-json\/wp\/v2\/media\/87403"}],"wp:attachment":[{"href":"https:\/\/www.todoeldia.com\/index.php\/wp-json\/wp\/v2\/media?parent=87495"}],"wp:term":[{"taxonomy":"category","embeddable":true,"href":"https:\/\/www.todoeldia.com\/index.php\/wp-json\/wp\/v2\/categories?post=87495"},{"taxonomy":"post_tag","embeddable":true,"href":"https:\/\/www.todoeldia.com\/index.php\/wp-json\/wp\/v2\/tags?post=87495"}],"curies":[{"name":"wp","href":"https:\/\/api.w.org\/{rel}","templated":true}]}}