{"id":87993,"date":"2024-12-07T10:59:39","date_gmt":"2024-12-07T13:59:39","guid":{"rendered":"https:\/\/www.todoeldia.com\/?p=87993"},"modified":"2024-12-07T10:59:40","modified_gmt":"2024-12-07T13:59:40","slug":"anda-a-buscar-el-auto-que-dejaste-abandonado-en-la-calle-te-lo-entregan-en-un-paquete","status":"publish","type":"post","link":"https:\/\/www.todoeldia.com\/index.php\/2024\/12\/07\/anda-a-buscar-el-auto-que-dejaste-abandonado-en-la-calle-te-lo-entregan-en-un-paquete\/","title":{"rendered":"\u00a1Anda a buscar el auto que dejaste abandonado en la calle! Te lo entregan en un paquete"},"content":{"rendered":"\n<p>Se compactaron alrededor de 50 veh\u00edculos abandonados que se encontraban en el Canch\u00f3n Municipal. Tras distintos procesos administrativos fueron compactados, lo que generar\u00e1 espacio en el lugar para futuros secuestros de rodados que infrinjan las normas viales.<\/p>\n\n\n\n<p>La mayor\u00eda proviene de levantamientos de veh\u00edculos abandonados y de autos que est\u00e1n en estado de descomposici\u00f3n y generando microbasurales e inseguridad en los barrios, entre otros.<\/p>\n\n\n\n<p>\u00abHemos conseguido traer una m\u00e1quina compactadora para liberar espacio de los cientos de veh\u00edculos abandonados que tenemos ac\u00e1 en el canch\u00f3n municipal, teniendo en cuenta que todos los d\u00edas se secuestran veh\u00edculos que no respetas las leyes\u00bb, dijo Mat\u00edas Assennato, secretario de Tr\u00e1nsito y Seguridad Vial.<\/p>\n\n\n\n<p>Se recuerda que contin\u00faa habilitado un portal web en el cual se puede denunciar, de forma an\u00f3nima, la presencia de un veh\u00edculo abandonado en la v\u00eda p\u00fablica, tan solo poniendo los datos y si es posible una foto del mismo, ingresando al siguiente link: https:\/\/municipalidadsalta.gob.ar\/tramites\/denuncia-de-vehiculo-abandonado\/&nbsp;&nbsp; Tambi\u00e9n se puede denunciar llamando al 147.<\/p>\n\n\n\n<p>Cabe destacar que el objetivo es continuar realizando estos trabajos de compactaci\u00f3n en enero, para seguir liberando espacio en el canch\u00f3n.<\/p>\n","protected":false},"excerpt":{"rendered":"<p>Se compactaron alrededor de 50 veh\u00edculos abandonados que se encontraban en el Canch\u00f3n Municipal. Tras distintos procesos administrativos fueron compactados, lo que generar\u00e1 espacio en el lugar para futuros secuestros de rodados que infrinjan las normas viales. La mayor\u00eda proviene de levantamientos de veh\u00edculos abandonados y de autos que est\u00e1n en estado de descomposici\u00f3n y [&hellip;]<\/p>\n","protected":false},"author":2,"featured_media":87994,"comment_status":"open","ping_status":"open","sticky":false,"template":"","format":"standard","meta":{"tdm_status":"","tdm_grid_status":"","_joinchat":[],"footnotes":""},"categories":[73],"tags":[],"class_list":{"0":"post-87993","1":"post","2":"type-post","3":"status-publish","4":"format-standard","5":"has-post-thumbnail","7":"category-noticias-general"},"amp_enabled":true,"_links":{"self":[{"href":"https:\/\/www.todoeldia.com\/index.php\/wp-json\/wp\/v2\/posts\/87993","targetHints":{"allow":["GET"]}}],"collection":[{"href":"https:\/\/www.todoeldia.com\/index.php\/wp-json\/wp\/v2\/posts"}],"about":[{"href":"https:\/\/www.todoeldia.com\/index.php\/wp-json\/wp\/v2\/types\/post"}],"author":[{"embeddable":true,"href":"https:\/\/www.todoeldia.com\/index.php\/wp-json\/wp\/v2\/users\/2"}],"replies":[{"embeddable":true,"href":"https:\/\/www.todoeldia.com\/index.php\/wp-json\/wp\/v2\/comments?post=87993"}],"version-history":[{"count":1,"href":"https:\/\/www.todoeldia.com\/index.php\/wp-json\/wp\/v2\/posts\/87993\/revisions"}],"predecessor-version":[{"id":87995,"href":"https:\/\/www.todoeldia.com\/index.php\/wp-json\/wp\/v2\/posts\/87993\/revisions\/87995"}],"wp:featuredmedia":[{"embeddable":true,"href":"https:\/\/www.todoeldia.com\/index.php\/wp-json\/wp\/v2\/media\/87994"}],"wp:attachment":[{"href":"https:\/\/www.todoeldia.com\/index.php\/wp-json\/wp\/v2\/media?parent=87993"}],"wp:term":[{"taxonomy":"category","embeddable":true,"href":"https:\/\/www.todoeldia.com\/index.php\/wp-json\/wp\/v2\/categories?post=87993"},{"taxonomy":"post_tag","embeddable":true,"href":"https:\/\/www.todoeldia.com\/index.php\/wp-json\/wp\/v2\/tags?post=87993"}],"curies":[{"name":"wp","href":"https:\/\/api.w.org\/{rel}","templated":true}]}}