{"id":8800,"date":"2020-10-19T09:56:38","date_gmt":"2020-10-19T12:56:38","guid":{"rendered":"https:\/\/www.todoeldia.com\/?p=8800"},"modified":"2020-10-19T09:56:39","modified_gmt":"2020-10-19T12:56:39","slug":"continuan-las-investigaciones-para-esclarecer-el-crimen-del-remisero-en-salvador-mazza","status":"publish","type":"post","link":"https:\/\/www.todoeldia.com\/index.php\/2020\/10\/19\/continuan-las-investigaciones-para-esclarecer-el-crimen-del-remisero-en-salvador-mazza\/","title":{"rendered":"Contin\u00faan las investigaciones para esclarecer el crimen del remisero en Salvador Mazza"},"content":{"rendered":"\n<p>La Fiscal\u00eda de la Unidad de Graves Atentados contra las Personas de Tartagal, investiga el asesinato ocurrido el pasado s\u00e1bado en la localidad fronteriza, donde un hombre de 42 a\u00f1os result\u00f3 muerto y su hijo gravemente herido cuando viajaban en un veh\u00edculo.<\/p>\n\n\n\n<p>El&nbsp;fiscal penal, Pablo Cabot, investiga el&nbsp;homicidio de un hombre de 42 a\u00f1os, ocurrido el&nbsp;pasado s\u00e1bado por la noche en inmediaciones de las v\u00edas del ferrocarril en Salvador Mazza, donde&nbsp;su hijo adolescente, result\u00f3 gravemente herido.<\/p>\n\n\n\n<p>Seg\u00fan consta en las actuaciones,&nbsp;la v\u00edctima fatal conduc\u00eda su veh\u00edculo en compa\u00f1\u00eda de su hijo, cuando al atravesar las v\u00edas del ferrocarril,&nbsp;fueron sorprendidos por dos personas a bordo de una motocicleta, quienes abrieron fuego contra el rodado y luego huyeron.<\/p>\n\n\n\n<p>Como resultado del ataque,&nbsp;el hombre de 42 a\u00f1os, que se desempe\u00f1aba como remisero, result\u00f3 muerto y su hijo adolescente, recibi\u00f3 heridas de arma de fuego,&nbsp;por las que permanece internado.<\/p>\n\n\n\n<p>El fiscal&nbsp;Cabot dispuso el trabajo de los investigadores y el cumplimiento de diversas medidas tendientes a identificar a los causantes del hecho&nbsp;y esclarecer lo sucedido.<\/p>\n","protected":false},"excerpt":{"rendered":"<p>La Fiscal\u00eda de la Unidad de Graves Atentados contra las Personas de Tartagal, investiga el asesinato ocurrido el pasado s\u00e1bado en la localidad fronteriza, donde un hombre de 42 a\u00f1os result\u00f3 muerto y su hijo gravemente herido cuando viajaban en un veh\u00edculo. El&nbsp;fiscal penal, Pablo Cabot, investiga el&nbsp;homicidio de un hombre de 42 a\u00f1os, ocurrido [&hellip;]<\/p>\n","protected":false},"author":2,"featured_media":8801,"comment_status":"open","ping_status":"open","sticky":false,"template":"","format":"standard","meta":{"tdm_status":"","tdm_grid_status":"","_joinchat":[],"footnotes":""},"categories":[73],"tags":[],"class_list":{"0":"post-8800","1":"post","2":"type-post","3":"status-publish","4":"format-standard","5":"has-post-thumbnail","7":"category-noticias-general"},"amp_enabled":true,"_links":{"self":[{"href":"https:\/\/www.todoeldia.com\/index.php\/wp-json\/wp\/v2\/posts\/8800","targetHints":{"allow":["GET"]}}],"collection":[{"href":"https:\/\/www.todoeldia.com\/index.php\/wp-json\/wp\/v2\/posts"}],"about":[{"href":"https:\/\/www.todoeldia.com\/index.php\/wp-json\/wp\/v2\/types\/post"}],"author":[{"embeddable":true,"href":"https:\/\/www.todoeldia.com\/index.php\/wp-json\/wp\/v2\/users\/2"}],"replies":[{"embeddable":true,"href":"https:\/\/www.todoeldia.com\/index.php\/wp-json\/wp\/v2\/comments?post=8800"}],"version-history":[{"count":1,"href":"https:\/\/www.todoeldia.com\/index.php\/wp-json\/wp\/v2\/posts\/8800\/revisions"}],"predecessor-version":[{"id":8802,"href":"https:\/\/www.todoeldia.com\/index.php\/wp-json\/wp\/v2\/posts\/8800\/revisions\/8802"}],"wp:featuredmedia":[{"embeddable":true,"href":"https:\/\/www.todoeldia.com\/index.php\/wp-json\/wp\/v2\/media\/8801"}],"wp:attachment":[{"href":"https:\/\/www.todoeldia.com\/index.php\/wp-json\/wp\/v2\/media?parent=8800"}],"wp:term":[{"taxonomy":"category","embeddable":true,"href":"https:\/\/www.todoeldia.com\/index.php\/wp-json\/wp\/v2\/categories?post=8800"},{"taxonomy":"post_tag","embeddable":true,"href":"https:\/\/www.todoeldia.com\/index.php\/wp-json\/wp\/v2\/tags?post=8800"}],"curies":[{"name":"wp","href":"https:\/\/api.w.org\/{rel}","templated":true}]}}