{"id":8811,"date":"2020-10-19T10:17:22","date_gmt":"2020-10-19T13:17:22","guid":{"rendered":"https:\/\/www.todoeldia.com\/?p=8811"},"modified":"2020-10-19T10:17:23","modified_gmt":"2020-10-19T13:17:23","slug":"preso-recibe-nueva-condena-por-asesinar-a-otro-recluso-en-el-penal","status":"publish","type":"post","link":"https:\/\/www.todoeldia.com\/index.php\/2020\/10\/19\/preso-recibe-nueva-condena-por-asesinar-a-otro-recluso-en-el-penal\/","title":{"rendered":"Preso recibe nueva condena por asesinar a otro recluso en el penal"},"content":{"rendered":"\n<p>Jorge Gabriel Flores fue condenado por el homicidio de Alfredo C\u00e9sar Luciano Guedilla, ocurrido en noviembre de 2019 en el pabell\u00f3n E de la Unidad Carcelaria 1 de Villa Las Rosas. La v\u00edctima recibi\u00f3 dos heridas punzantes en la l\u00ednea media del t\u00f3rax.<\/p>\n\n\n\n<p>El&nbsp;fiscal penal 2 de la Unidad de Graves Atentados contra las Personas, Ramiro Ramos Ossorio, represent\u00f3 al Ministerio P\u00fablico ante la&nbsp;Sala IV del Tribunal de Juicio, en la&nbsp;audiencia de juicio abreviado&nbsp;contra<a href=\"http:\/\/www.fiscalespenalesalta.gob.ar\/requieren-juicio-por-un-crimen-en-el-penal\/\">&nbsp;Jorge Gabriel Flores, imputado por el delito de homicidio simple en perjuicio de Alfredo C\u00e9sar Luciano Guedilla.<\/a><\/p>\n\n\n\n<p>El hecho&nbsp;ocurri\u00f3 el 18 de noviembre de 2019 por la tarde en el pabell\u00f3n E, segunda planta de la Unidad Carcelaria 1, cuando&nbsp;Flores y Guedilla iniciaron una gresca&nbsp;en un sector com\u00fan y&nbsp;\u00e9ste \u00faltimo result\u00f3 con dos heridas punzantes en la l\u00ednea media del t\u00f3rax con un arma hechiza conocida como \u201carp\u00f3n\u201d.<\/p>\n\n\n\n<p>Guedilla&nbsp;fue trasladado al sector de Sanidad del penal y dada la gravedad de las lesiones,&nbsp;fue derivado al hospital San Bernardo, donde falleci\u00f3 horas m\u00e1s tarde.<\/p>\n\n\n\n<p>La jueza Norma Beatriz Vera, luego de recibir la confesi\u00f3n del acusado,&nbsp;le impuso una pena de 8 a\u00f1os y 6 meses de prisi\u00f3n efectiva y la unific\u00f3 con una condena anterior en una pena \u00fanica de 14 a\u00f1os y 6 meses de prisi\u00f3n.<\/p>\n","protected":false},"excerpt":{"rendered":"<p>Jorge Gabriel Flores fue condenado por el homicidio de Alfredo C\u00e9sar Luciano Guedilla, ocurrido en noviembre de 2019 en el pabell\u00f3n E de la Unidad Carcelaria 1 de Villa Las Rosas. La v\u00edctima recibi\u00f3 dos heridas punzantes en la l\u00ednea media del t\u00f3rax. El&nbsp;fiscal penal 2 de la Unidad de Graves Atentados contra las Personas, [&hellip;]<\/p>\n","protected":false},"author":2,"featured_media":8812,"comment_status":"open","ping_status":"open","sticky":false,"template":"","format":"standard","meta":{"tdm_status":"","tdm_grid_status":"","_joinchat":[],"footnotes":""},"categories":[63],"tags":[],"class_list":{"0":"post-8811","1":"post","2":"type-post","3":"status-publish","4":"format-standard","5":"has-post-thumbnail","7":"category-policiales"},"amp_enabled":true,"_links":{"self":[{"href":"https:\/\/www.todoeldia.com\/index.php\/wp-json\/wp\/v2\/posts\/8811","targetHints":{"allow":["GET"]}}],"collection":[{"href":"https:\/\/www.todoeldia.com\/index.php\/wp-json\/wp\/v2\/posts"}],"about":[{"href":"https:\/\/www.todoeldia.com\/index.php\/wp-json\/wp\/v2\/types\/post"}],"author":[{"embeddable":true,"href":"https:\/\/www.todoeldia.com\/index.php\/wp-json\/wp\/v2\/users\/2"}],"replies":[{"embeddable":true,"href":"https:\/\/www.todoeldia.com\/index.php\/wp-json\/wp\/v2\/comments?post=8811"}],"version-history":[{"count":1,"href":"https:\/\/www.todoeldia.com\/index.php\/wp-json\/wp\/v2\/posts\/8811\/revisions"}],"predecessor-version":[{"id":8813,"href":"https:\/\/www.todoeldia.com\/index.php\/wp-json\/wp\/v2\/posts\/8811\/revisions\/8813"}],"wp:featuredmedia":[{"embeddable":true,"href":"https:\/\/www.todoeldia.com\/index.php\/wp-json\/wp\/v2\/media\/8812"}],"wp:attachment":[{"href":"https:\/\/www.todoeldia.com\/index.php\/wp-json\/wp\/v2\/media?parent=8811"}],"wp:term":[{"taxonomy":"category","embeddable":true,"href":"https:\/\/www.todoeldia.com\/index.php\/wp-json\/wp\/v2\/categories?post=8811"},{"taxonomy":"post_tag","embeddable":true,"href":"https:\/\/www.todoeldia.com\/index.php\/wp-json\/wp\/v2\/tags?post=8811"}],"curies":[{"name":"wp","href":"https:\/\/api.w.org\/{rel}","templated":true}]}}