{"id":88186,"date":"2024-12-11T10:58:52","date_gmt":"2024-12-11T13:58:52","guid":{"rendered":"https:\/\/www.todoeldia.com\/?p=88186"},"modified":"2024-12-11T11:02:24","modified_gmt":"2024-12-11T14:02:24","slug":"mas-de-40-policias-saltenos-participan-del-rastrillaje-en-la-ruta-16-por-el-caso-maria-cash","status":"publish","type":"post","link":"https:\/\/www.todoeldia.com\/index.php\/2024\/12\/11\/mas-de-40-policias-saltenos-participan-del-rastrillaje-en-la-ruta-16-por-el-caso-maria-cash\/","title":{"rendered":"M\u00e1s de 40 polic\u00edas salte\u00f1os participan del rastrillaje en la ruta 16 por el caso Mar\u00eda Cash"},"content":{"rendered":"\n<p>El operativo interfuerzas inici\u00f3 esta ma\u00f1ana en la ruta nacional 16, localidad de El Galp\u00f3n. Trabaja junto a Gendarmer\u00eda Nacional, Polic\u00eda Federal Argentina y personal de la Subsecretar\u00eda de Defensa Civil. Las acciones son coordinadas por profesionales del Sistema Federal de B\u00fasqueda de Personas.<\/p>\n\n\n\n<p>Efectivos de diferentes unidades especiales de la Polic\u00eda de Salta participan del operativo interfuerzas que se realiza en la localidad de El Galp\u00f3n en el marco de la causa por la desaparici\u00f3n de Mar\u00eda Cash.<\/p>\n\n\n\n<p>Trabajan m\u00e1s de 40 polic\u00edas de Salta, con el \u00e1rea de canes adiestrados para la b\u00fasqueda de personas, Gendarmer\u00eda Nacional y Polic\u00eda Federal Argentina con personal de la Subsecretar\u00eda de Defensa Civil.<\/p>\n\n\n\n<p>La base operativa desde donde se dirige y planifica el rastrillaje se conform\u00f3 en el complejo deportivo municipal.<\/p>\n\n\n\n<p>Las acciones son coordinadas por profesionales del Sistema Federal de B\u00fasqueda de Personas.<\/p>\n","protected":false},"excerpt":{"rendered":"<p>El operativo interfuerzas inici\u00f3 esta ma\u00f1ana en la ruta nacional 16, localidad de El Galp\u00f3n. Trabaja junto a Gendarmer\u00eda Nacional, Polic\u00eda Federal Argentina y personal de la Subsecretar\u00eda de Defensa Civil. Las acciones son coordinadas por profesionales del Sistema Federal de B\u00fasqueda de Personas. Efectivos de diferentes unidades especiales de la Polic\u00eda de Salta participan [&hellip;]<\/p>\n","protected":false},"author":2,"featured_media":88187,"comment_status":"open","ping_status":"open","sticky":false,"template":"","format":"standard","meta":{"tdm_status":"","tdm_grid_status":"","_joinchat":[],"footnotes":""},"categories":[63],"tags":[],"class_list":{"0":"post-88186","1":"post","2":"type-post","3":"status-publish","4":"format-standard","5":"has-post-thumbnail","7":"category-policiales"},"amp_enabled":true,"_links":{"self":[{"href":"https:\/\/www.todoeldia.com\/index.php\/wp-json\/wp\/v2\/posts\/88186","targetHints":{"allow":["GET"]}}],"collection":[{"href":"https:\/\/www.todoeldia.com\/index.php\/wp-json\/wp\/v2\/posts"}],"about":[{"href":"https:\/\/www.todoeldia.com\/index.php\/wp-json\/wp\/v2\/types\/post"}],"author":[{"embeddable":true,"href":"https:\/\/www.todoeldia.com\/index.php\/wp-json\/wp\/v2\/users\/2"}],"replies":[{"embeddable":true,"href":"https:\/\/www.todoeldia.com\/index.php\/wp-json\/wp\/v2\/comments?post=88186"}],"version-history":[{"count":1,"href":"https:\/\/www.todoeldia.com\/index.php\/wp-json\/wp\/v2\/posts\/88186\/revisions"}],"predecessor-version":[{"id":88188,"href":"https:\/\/www.todoeldia.com\/index.php\/wp-json\/wp\/v2\/posts\/88186\/revisions\/88188"}],"wp:featuredmedia":[{"embeddable":true,"href":"https:\/\/www.todoeldia.com\/index.php\/wp-json\/wp\/v2\/media\/88187"}],"wp:attachment":[{"href":"https:\/\/www.todoeldia.com\/index.php\/wp-json\/wp\/v2\/media?parent=88186"}],"wp:term":[{"taxonomy":"category","embeddable":true,"href":"https:\/\/www.todoeldia.com\/index.php\/wp-json\/wp\/v2\/categories?post=88186"},{"taxonomy":"post_tag","embeddable":true,"href":"https:\/\/www.todoeldia.com\/index.php\/wp-json\/wp\/v2\/tags?post=88186"}],"curies":[{"name":"wp","href":"https:\/\/api.w.org\/{rel}","templated":true}]}}