{"id":88193,"date":"2024-12-11T11:29:57","date_gmt":"2024-12-11T14:29:57","guid":{"rendered":"https:\/\/www.todoeldia.com\/?p=88193"},"modified":"2024-12-11T11:29:57","modified_gmt":"2024-12-11T14:29:57","slug":"javier-milei-agradecio-el-sacrificio-del-primer-ano-y-aseguro-que-vienen-tiempos-felices","status":"publish","type":"post","link":"https:\/\/www.todoeldia.com\/index.php\/2024\/12\/11\/javier-milei-agradecio-el-sacrificio-del-primer-ano-y-aseguro-que-vienen-tiempos-felices\/","title":{"rendered":"Javier Milei agradeci\u00f3 el &#8220;sacrificio&#8221; del primer a\u00f1o y asegur\u00f3 que &#8220;vienen tiempos felices&#8221;"},"content":{"rendered":"\n<p>En cadena nacional, el Presidente hizo un repaso por las medidas econ\u00f3micas y pol\u00edticas de los \u00faltimos doce meses. Prometi\u00f3 m\u00e1s &#8220;ajuste y motosierra&#8221;.<\/p>\n\n\n\n<p>El presidente Javier Milei brind\u00f3 un discurso en cadena nacional para conmemorar su primer a\u00f1o de gesti\u00f3n, en el que agradeci\u00f3 a los &#8220;argentinos de a pie&#8221; por el apoyo y vaticin\u00f3 que &#8220;vienen tiempos felices&#8221; para la Argentina.<\/p>\n\n\n\n<p>&#8220;El sacrificio que han hecho no ser\u00e1 en vano&#8221;, prometi\u00f3 Milei en un mensaje grabado que fue transmitido por cadena nacional, y en el que tambi\u00e9n asegur\u00f3 que &#8220;la recesi\u00f3n termin\u00f3 y el pa\u00eds ha comenzado a crecer&#8221;.&nbsp;&nbsp;<\/p>\n\n\n\n<p>El jefe de Estado se mostr\u00f3 acompa\u00f1ado por el Gabinete completo, sentado a la misma mesa con el titular de ministros, Guillermo Francos, y con su hermana y secretaria general de la Presidencia, Karina Milei.&nbsp;<\/p>\n\n\n\n<p>&#8220;Estamos cada d\u00eda m\u00e1s cerca de que la inflaci\u00f3n sea poco m\u00e1s que un mal recuerdo&#8221;, subray\u00f3 el mandatario, al hacer una evaluaci\u00f3n del a\u00f1o a nivel econ\u00f3mico. En ese sentido, dijo que en 2025 se ver\u00e1 &#8220;un crecimiento sostenido&#8221; a partir de las bases macroecon\u00f3micas que se sentaron en los \u00faltimos 12 meses.<\/p>\n\n\n\n<p>&#8220;Hoy hace exactamente un a\u00f1o, un degenerado fiscal, a quien no voy a nombrar, ven\u00eda de imprimir 13 puntos del PBI en un a\u00f1o para ganar una elecci\u00f3n&#8221;, apunt\u00f3 Milei, al hacer referencia al ex candidato presidencial del Frente de Todos (FdT), Sergio Massa.&nbsp;&nbsp;<\/p>\n\n\n\n<p>En contraposici\u00f3n, subray\u00f3 que &#8220;hoy la emisi\u00f3n monetaria es cosa del pasado&#8221;. Sostuvo, en tanto, que cuando asumi\u00f3 &#8220;dec\u00edan&#8221; que no iba a llegar &#8220;a enero&#8221; y ya est\u00e1 &#8220;en diciembre&#8221; y en su gobierno &#8220;no se van a ning\u00fan lado&#8221;, al tiempo que apunt\u00f3 contra lo que denomina &#8220;la casta&#8221;, al celebrar que &#8220;destapamos sus curros&#8221;.<\/p>\n\n\n\n<p>&#8220;Abrimos los cielos, desregulamos el transporte terrestre, eliminamos los precios m\u00e1ximos, derogamos la ley de G\u00f3ndolas, los excesos de Sadaic, habilitamos Internet satelital y aumentamos la competencia en el sector medicamentos&#8221;, destac\u00f3 sobre las medidas llevadas adelante por el Ministerio de Desregulaci\u00f3n.&nbsp;&nbsp;<\/p>\n\n\n\n<p>En ese sentido, asegur\u00f3 que la &#8220;reforma estructural&#8221; que produjo su gobierno fue &#8220;ocho veces m\u00e1s grande que la de (Carlos) Menem&#8221;.&nbsp;&nbsp;<\/p>\n\n\n\n<p>Entre los anuncios del discurso, anticip\u00f3 que est\u00e1 &#8220;cada d\u00eda m\u00e1s cerca de la salida definitiva del cepo cambiario&#8221;.&nbsp;&nbsp;<\/p>\n\n\n\n<p>Remarc\u00f3 que esa medida fue una &#8220;aberraci\u00f3n que nunca deber\u00eda haber ocurrido&#8221; y a\u00f1adi\u00f3: &#8220;Con nosotros se va a terminar el a\u00f1o que viene y para siempre&#8221;. Tambi\u00e9n sostuvo en materia econ\u00f3mica que su gesti\u00f3n logr\u00f3 &#8220;estabilizar la econom\u00eda y evitar la cat\u00e1strofe&#8221; a la que, seg\u00fan \u00e9l, se dirig\u00eda el pa\u00eds, y con el &#8220;15 por ciento de diputados y 10 por ciento de senadores&#8221;.<\/p>\n\n\n\n<p>&#8220;Si pudimos hacer tanto con todo el mundo en contra, imaginen todo lo que podemos hacer con viento a favor&#8221;, exhort\u00f3, en la antesala del a\u00f1o electoral.&nbsp;&nbsp;<\/p>\n","protected":false},"excerpt":{"rendered":"<p>En cadena nacional, el Presidente hizo un repaso por las medidas econ\u00f3micas y pol\u00edticas de los \u00faltimos doce meses. Prometi\u00f3 m\u00e1s &#8220;ajuste y motosierra&#8221;. El presidente Javier Milei brind\u00f3 un discurso en cadena nacional para conmemorar su primer a\u00f1o de gesti\u00f3n, en el que agradeci\u00f3 a los &#8220;argentinos de a pie&#8221; por el apoyo y [&hellip;]<\/p>\n","protected":false},"author":2,"featured_media":88194,"comment_status":"open","ping_status":"open","sticky":false,"template":"","format":"standard","meta":{"tdm_status":"","tdm_grid_status":"","_joinchat":[],"footnotes":""},"categories":[59],"tags":[],"class_list":{"0":"post-88193","1":"post","2":"type-post","3":"status-publish","4":"format-standard","5":"has-post-thumbnail","7":"category-politica"},"amp_enabled":true,"_links":{"self":[{"href":"https:\/\/www.todoeldia.com\/index.php\/wp-json\/wp\/v2\/posts\/88193","targetHints":{"allow":["GET"]}}],"collection":[{"href":"https:\/\/www.todoeldia.com\/index.php\/wp-json\/wp\/v2\/posts"}],"about":[{"href":"https:\/\/www.todoeldia.com\/index.php\/wp-json\/wp\/v2\/types\/post"}],"author":[{"embeddable":true,"href":"https:\/\/www.todoeldia.com\/index.php\/wp-json\/wp\/v2\/users\/2"}],"replies":[{"embeddable":true,"href":"https:\/\/www.todoeldia.com\/index.php\/wp-json\/wp\/v2\/comments?post=88193"}],"version-history":[{"count":1,"href":"https:\/\/www.todoeldia.com\/index.php\/wp-json\/wp\/v2\/posts\/88193\/revisions"}],"predecessor-version":[{"id":88195,"href":"https:\/\/www.todoeldia.com\/index.php\/wp-json\/wp\/v2\/posts\/88193\/revisions\/88195"}],"wp:featuredmedia":[{"embeddable":true,"href":"https:\/\/www.todoeldia.com\/index.php\/wp-json\/wp\/v2\/media\/88194"}],"wp:attachment":[{"href":"https:\/\/www.todoeldia.com\/index.php\/wp-json\/wp\/v2\/media?parent=88193"}],"wp:term":[{"taxonomy":"category","embeddable":true,"href":"https:\/\/www.todoeldia.com\/index.php\/wp-json\/wp\/v2\/categories?post=88193"},{"taxonomy":"post_tag","embeddable":true,"href":"https:\/\/www.todoeldia.com\/index.php\/wp-json\/wp\/v2\/tags?post=88193"}],"curies":[{"name":"wp","href":"https:\/\/api.w.org\/{rel}","templated":true}]}}