{"id":88199,"date":"2024-12-11T11:40:12","date_gmt":"2024-12-11T14:40:12","guid":{"rendered":"https:\/\/www.todoeldia.com\/?p=88199"},"modified":"2024-12-11T11:40:13","modified_gmt":"2024-12-11T14:40:13","slug":"alberto-fernandez-finalmente-declarara-el-19-de-diciembre-en-la-causa-por-violencia-de-genero","status":"publish","type":"post","link":"https:\/\/www.todoeldia.com\/index.php\/2024\/12\/11\/alberto-fernandez-finalmente-declarara-el-19-de-diciembre-en-la-causa-por-violencia-de-genero\/","title":{"rendered":"Alberto Fern\u00e1ndez finalmente declarar\u00e1 el 19 de diciembre en la causa por violencia de g\u00e9nero"},"content":{"rendered":"\n<p>En un principio iba a ser este mi\u00e9rcoles, pero como la defensa del ex mandatario pidi\u00f3 la recusaci\u00f3n del juez federal Ercolini se posterg\u00f3 unos d\u00edas.<\/p>\n\n\n\n<p>El ex presidente Alberto Fern\u00e1ndez finalmente se presentar\u00e1 el jueves 19 de diciembre a las 11:00 a brindar declaraci\u00f3n indagatoria ante el juez federal Juli\u00e1n Ercolini en la causa por violencia de g\u00e9nero abierta por la denuncia de la ex primera dama Fabiola Ya\u00f1ez.<\/p>\n\n\n\n<p>Fern\u00e1ndez, en un principio, tendr\u00eda que haber ido hoy, pero finalmente se posterg\u00f3 para dentro de nueve d\u00edas porque la defensa del ex mandatario nacional pidi\u00f3 la recusaci\u00f3n del juez federal Juli\u00e1n Ercolini con pedido de suspensi\u00f3n de indagatoria.<\/p>\n\n\n\n<p>Asimismo, el letrado del ex presidente present\u00f3 esta semana un planteo de incompetencia para que el caso pasara al fuero contravencional de la Justicia de la ciudad de Buenos Aires, aunque es un recurso que no suspende la citaci\u00f3n ordenada en los tribunales federales de Retiro, informaron fuentes judiciales.<\/p>\n\n\n\n<p>Fern\u00e1ndez tendr\u00e1 que ir el jueves 19 de diciembre al cuarto piso de Comodoro Py 2002 para ser indagado acusado de &#8220;lesiones leves doblemente agravadas por ser cometidas mediante violencia de g\u00e9nero y contra su entonces pareja; una lesi\u00f3n grave por el debilitamiento permanente de la salud de la ex primera dama -tambi\u00e9n doblemente agravada- y el delito de coacciones&#8221;.<\/p>\n\n\n\n<p>Se trata de delitos que, en conjunto, prev\u00e9n un m\u00e1ximo de 18 a\u00f1os de prisi\u00f3n en caso de una eventual condena.<\/p>\n","protected":false},"excerpt":{"rendered":"<p>En un principio iba a ser este mi\u00e9rcoles, pero como la defensa del ex mandatario pidi\u00f3 la recusaci\u00f3n del juez federal Ercolini se posterg\u00f3 unos d\u00edas. El ex presidente Alberto Fern\u00e1ndez finalmente se presentar\u00e1 el jueves 19 de diciembre a las 11:00 a brindar declaraci\u00f3n indagatoria ante el juez federal Juli\u00e1n Ercolini en la causa [&hellip;]<\/p>\n","protected":false},"author":2,"featured_media":81710,"comment_status":"open","ping_status":"open","sticky":false,"template":"","format":"standard","meta":{"tdm_status":"","tdm_grid_status":"","_joinchat":[],"footnotes":""},"categories":[63],"tags":[],"class_list":{"0":"post-88199","1":"post","2":"type-post","3":"status-publish","4":"format-standard","5":"has-post-thumbnail","7":"category-policiales"},"amp_enabled":true,"_links":{"self":[{"href":"https:\/\/www.todoeldia.com\/index.php\/wp-json\/wp\/v2\/posts\/88199","targetHints":{"allow":["GET"]}}],"collection":[{"href":"https:\/\/www.todoeldia.com\/index.php\/wp-json\/wp\/v2\/posts"}],"about":[{"href":"https:\/\/www.todoeldia.com\/index.php\/wp-json\/wp\/v2\/types\/post"}],"author":[{"embeddable":true,"href":"https:\/\/www.todoeldia.com\/index.php\/wp-json\/wp\/v2\/users\/2"}],"replies":[{"embeddable":true,"href":"https:\/\/www.todoeldia.com\/index.php\/wp-json\/wp\/v2\/comments?post=88199"}],"version-history":[{"count":1,"href":"https:\/\/www.todoeldia.com\/index.php\/wp-json\/wp\/v2\/posts\/88199\/revisions"}],"predecessor-version":[{"id":88200,"href":"https:\/\/www.todoeldia.com\/index.php\/wp-json\/wp\/v2\/posts\/88199\/revisions\/88200"}],"wp:featuredmedia":[{"embeddable":true,"href":"https:\/\/www.todoeldia.com\/index.php\/wp-json\/wp\/v2\/media\/81710"}],"wp:attachment":[{"href":"https:\/\/www.todoeldia.com\/index.php\/wp-json\/wp\/v2\/media?parent=88199"}],"wp:term":[{"taxonomy":"category","embeddable":true,"href":"https:\/\/www.todoeldia.com\/index.php\/wp-json\/wp\/v2\/categories?post=88199"},{"taxonomy":"post_tag","embeddable":true,"href":"https:\/\/www.todoeldia.com\/index.php\/wp-json\/wp\/v2\/tags?post=88199"}],"curies":[{"name":"wp","href":"https:\/\/api.w.org\/{rel}","templated":true}]}}