{"id":88201,"date":"2024-12-11T11:45:16","date_gmt":"2024-12-11T14:45:16","guid":{"rendered":"https:\/\/www.todoeldia.com\/?p=88201"},"modified":"2024-12-11T11:45:17","modified_gmt":"2024-12-11T14:45:17","slug":"buscaban-desde-el-26-de-noviembre-a-un-albanil-santiagueno-desaparecido-en-cordoba-y-lo-encontraron-preso","status":"publish","type":"post","link":"https:\/\/www.todoeldia.com\/index.php\/2024\/12\/11\/buscaban-desde-el-26-de-noviembre-a-un-albanil-santiagueno-desaparecido-en-cordoba-y-lo-encontraron-preso\/","title":{"rendered":"Buscaban desde el 26 de noviembre a un alba\u00f1il santiague\u00f1o desaparecido en C\u00f3rdoba y lo encontraron preso"},"content":{"rendered":"\n<p>D\u00edaz, quien hab\u00eda viajado a C\u00f3rdoba para trabajar, estuvo desaparecido desde el 26 de noviembre hasta que este s\u00e1bado se confirm\u00f3 su paradero.<\/p>\n\n\n\n<p>Luego de casi dos semanas de incertidumbre, la familia de Walter D\u00edaz, un alba\u00f1il de 33 a\u00f1os oriundo de Santiago del Estero, finalmente recibi\u00f3 que el hombre estaba con vida, pero preso con otro nombre.<\/p>\n\n\n\n<p>Luego de casi dos semanas de incertidumbre, la familia de Walter D\u00edaz, un alba\u00f1il de 33 a\u00f1os oriundo de Santiago del Estero, finalmente recibi\u00f3 que el hombre estaba con vida.<\/p>\n\n\n\n<p>D\u00edaz, quien hab\u00eda viajado a C\u00f3rdoba para trabajar, estuvo desaparecido desde el 26 de noviembre hasta que este s\u00e1bado se confirm\u00f3 su paradero.<\/p>\n\n\n\n<p>La informaci\u00f3n fue corroborada por el abogado de la familia, Axel Aurich, quien revel\u00f3 que Walter estaba detenido en la Unidad de Contenci\u00f3n de Aprehendido (UCA) de C\u00f3rdoba, en el pabell\u00f3n amarillo.<\/p>\n\n\n\n<p>Adem\u00e1s, seg\u00fan detall\u00f3 Aurich, el alba\u00f1il fue arrestado en una causa por \u201cda\u00f1os\u201d bajo otra identidad, lo que habr\u00eda sido ordenado por la Fiscal\u00eda Distrito 2 Turno 6 de C\u00f3rdoba.<\/p>\n\n\n\n<p>Sin embargo, lo que gener\u00f3 mayor desconcierto es que las fuerzas policiales no verificaron su identidad ni notificaron a las autoridades correspondientes, a pesar de que el Ministerio P\u00fablico Fiscal hab\u00eda emitido una alerta de b\u00fasqueda.<\/p>\n\n\n\n<p>Por el momento, el caso presenta a\u00fan varias inc\u00f3gnitas que deber\u00e1 resolver la Justicia, como el rol de dos personas que hab\u00edan sido detenidas en el marco de la investigaci\u00f3n con antecedentes penales.<\/p>\n","protected":false},"excerpt":{"rendered":"<p>D\u00edaz, quien hab\u00eda viajado a C\u00f3rdoba para trabajar, estuvo desaparecido desde el 26 de noviembre hasta que este s\u00e1bado se confirm\u00f3 su paradero. Luego de casi dos semanas de incertidumbre, la familia de Walter D\u00edaz, un alba\u00f1il de 33 a\u00f1os oriundo de Santiago del Estero, finalmente recibi\u00f3 que el hombre estaba con vida, pero preso [&hellip;]<\/p>\n","protected":false},"author":2,"featured_media":88202,"comment_status":"open","ping_status":"open","sticky":false,"template":"","format":"standard","meta":{"tdm_status":"","tdm_grid_status":"","_joinchat":[],"footnotes":""},"categories":[63],"tags":[],"class_list":{"0":"post-88201","1":"post","2":"type-post","3":"status-publish","4":"format-standard","5":"has-post-thumbnail","7":"category-policiales"},"amp_enabled":true,"_links":{"self":[{"href":"https:\/\/www.todoeldia.com\/index.php\/wp-json\/wp\/v2\/posts\/88201","targetHints":{"allow":["GET"]}}],"collection":[{"href":"https:\/\/www.todoeldia.com\/index.php\/wp-json\/wp\/v2\/posts"}],"about":[{"href":"https:\/\/www.todoeldia.com\/index.php\/wp-json\/wp\/v2\/types\/post"}],"author":[{"embeddable":true,"href":"https:\/\/www.todoeldia.com\/index.php\/wp-json\/wp\/v2\/users\/2"}],"replies":[{"embeddable":true,"href":"https:\/\/www.todoeldia.com\/index.php\/wp-json\/wp\/v2\/comments?post=88201"}],"version-history":[{"count":1,"href":"https:\/\/www.todoeldia.com\/index.php\/wp-json\/wp\/v2\/posts\/88201\/revisions"}],"predecessor-version":[{"id":88203,"href":"https:\/\/www.todoeldia.com\/index.php\/wp-json\/wp\/v2\/posts\/88201\/revisions\/88203"}],"wp:featuredmedia":[{"embeddable":true,"href":"https:\/\/www.todoeldia.com\/index.php\/wp-json\/wp\/v2\/media\/88202"}],"wp:attachment":[{"href":"https:\/\/www.todoeldia.com\/index.php\/wp-json\/wp\/v2\/media?parent=88201"}],"wp:term":[{"taxonomy":"category","embeddable":true,"href":"https:\/\/www.todoeldia.com\/index.php\/wp-json\/wp\/v2\/categories?post=88201"},{"taxonomy":"post_tag","embeddable":true,"href":"https:\/\/www.todoeldia.com\/index.php\/wp-json\/wp\/v2\/tags?post=88201"}],"curies":[{"name":"wp","href":"https:\/\/api.w.org\/{rel}","templated":true}]}}