{"id":88218,"date":"2024-12-11T13:32:07","date_gmt":"2024-12-11T16:32:07","guid":{"rendered":"https:\/\/www.todoeldia.com\/?p=88218"},"modified":"2024-12-11T13:32:08","modified_gmt":"2024-12-11T16:32:08","slug":"por-el-asesinato-de-dario-monges-absolvieron-al-padre-y-condenaron-a-santiago-y-david-bejarano","status":"publish","type":"post","link":"https:\/\/www.todoeldia.com\/index.php\/2024\/12\/11\/por-el-asesinato-de-dario-monges-absolvieron-al-padre-y-condenaron-a-santiago-y-david-bejarano\/","title":{"rendered":"Por el asesinato de Dar\u00edo Monges absolvieron al padre y condenaron a Santiago y David Bejarano"},"content":{"rendered":"\n<p>Roberto Catalino Bejarano y sus hijos, Santiago y David, se encontraron en el banquillo de los acusados desde hace cuatro meses, imputados por el homicidio de Dar\u00edo Monges, perpetrado en septiembre del 2022.<\/p>\n\n\n\n<p>Este mediod\u00eda el Tribunal Oral Federal N\u00b0 1, integrado por Marta Liliana Snopek (presidenta), Federico Santiago D\u00edaz y Mario Marcelo Ju\u00e1rez Almaraz, resolvi\u00f3 la absoluci\u00f3n de Roberto Catalino, mientras que declar\u00f3 a Santiago y David Bejarano penalmente responsables del crimen.<\/p>\n\n\n\n<figure class=\"wp-block-image size-full is-resized\"><img loading=\"lazy\" decoding=\"async\" width=\"544\" height=\"544\" src=\"https:\/\/www.todoeldia.com\/wp-content\/uploads\/2022\/10\/dario-monges-1.jpg\" alt=\"\" class=\"wp-image-46896\" style=\"width:703px;height:auto\" srcset=\"https:\/\/www.todoeldia.com\/wp-content\/uploads\/2022\/10\/dario-monges-1.jpg 544w, https:\/\/www.todoeldia.com\/wp-content\/uploads\/2022\/10\/dario-monges-1-300x300.jpg 300w, https:\/\/www.todoeldia.com\/wp-content\/uploads\/2022\/10\/dario-monges-1-150x150.jpg 150w, https:\/\/www.todoeldia.com\/wp-content\/uploads\/2022\/10\/dario-monges-1-420x420.jpg 420w\" sizes=\"auto, (max-width: 544px) 100vw, 544px\" \/><\/figure>\n\n\n\n<p>La pena sobre los hermanos Bejarano se dar\u00e1 a conocer el pr\u00f3ximo 19 de diciembre, seg\u00fan detall\u00f3 el Tribunal.<\/p>\n\n\n\n<figure class=\"wp-block-image size-full is-resized\"><img loading=\"lazy\" decoding=\"async\" width=\"803\" height=\"450\" src=\"https:\/\/www.todoeldia.com\/wp-content\/uploads\/2022\/09\/aseinato-de-monges.jpg\" alt=\"\" class=\"wp-image-45943\" style=\"width:1053px;height:auto\" srcset=\"https:\/\/www.todoeldia.com\/wp-content\/uploads\/2022\/09\/aseinato-de-monges.jpg 803w, https:\/\/www.todoeldia.com\/wp-content\/uploads\/2022\/09\/aseinato-de-monges-300x168.jpg 300w, https:\/\/www.todoeldia.com\/wp-content\/uploads\/2022\/09\/aseinato-de-monges-768x430.jpg 768w, https:\/\/www.todoeldia.com\/wp-content\/uploads\/2022\/09\/aseinato-de-monges-696x390.jpg 696w, https:\/\/www.todoeldia.com\/wp-content\/uploads\/2022\/09\/aseinato-de-monges-749x420.jpg 749w\" sizes=\"auto, (max-width: 803px) 100vw, 803px\" \/><figcaption class=\"wp-element-caption\"><strong>Personal del CIF trabaja en la camioneta donde fue encontrado asesinado Dario Monges<\/strong><\/figcaption><\/figure>\n\n\n\n<p>Durante los alegatos, el fiscal Eduardo Villalba sostuvo que los tres acusados tuvieron implicancias en el crimen y consider\u00f3 que ser\u00edan los autores materiales, mientras que luego deber\u00e1 investigarse la existencia o no de autores intelectuales.<\/p>\n\n\n\n<p>La querella, a cargo de Nicol\u00e1s Escandar, coincidi\u00f3 con la Fiscal\u00eda y solicit\u00f3 condenarlos por homicidio agravado por alevos\u00eda y uso de armas de fuego.<\/p>\n","protected":false},"excerpt":{"rendered":"<p>Roberto Catalino Bejarano y sus hijos, Santiago y David, se encontraron en el banquillo de los acusados desde hace cuatro meses, imputados por el homicidio de Dar\u00edo Monges, perpetrado en septiembre del 2022. Este mediod\u00eda el Tribunal Oral Federal N\u00b0 1, integrado por Marta Liliana Snopek (presidenta), Federico Santiago D\u00edaz y Mario Marcelo Ju\u00e1rez Almaraz, [&hellip;]<\/p>\n","protected":false},"author":2,"featured_media":88219,"comment_status":"open","ping_status":"open","sticky":false,"template":"","format":"standard","meta":{"tdm_status":"","tdm_grid_status":"","_joinchat":[],"footnotes":""},"categories":[63],"tags":[],"class_list":{"0":"post-88218","1":"post","2":"type-post","3":"status-publish","4":"format-standard","5":"has-post-thumbnail","7":"category-policiales"},"amp_enabled":true,"_links":{"self":[{"href":"https:\/\/www.todoeldia.com\/index.php\/wp-json\/wp\/v2\/posts\/88218","targetHints":{"allow":["GET"]}}],"collection":[{"href":"https:\/\/www.todoeldia.com\/index.php\/wp-json\/wp\/v2\/posts"}],"about":[{"href":"https:\/\/www.todoeldia.com\/index.php\/wp-json\/wp\/v2\/types\/post"}],"author":[{"embeddable":true,"href":"https:\/\/www.todoeldia.com\/index.php\/wp-json\/wp\/v2\/users\/2"}],"replies":[{"embeddable":true,"href":"https:\/\/www.todoeldia.com\/index.php\/wp-json\/wp\/v2\/comments?post=88218"}],"version-history":[{"count":1,"href":"https:\/\/www.todoeldia.com\/index.php\/wp-json\/wp\/v2\/posts\/88218\/revisions"}],"predecessor-version":[{"id":88220,"href":"https:\/\/www.todoeldia.com\/index.php\/wp-json\/wp\/v2\/posts\/88218\/revisions\/88220"}],"wp:featuredmedia":[{"embeddable":true,"href":"https:\/\/www.todoeldia.com\/index.php\/wp-json\/wp\/v2\/media\/88219"}],"wp:attachment":[{"href":"https:\/\/www.todoeldia.com\/index.php\/wp-json\/wp\/v2\/media?parent=88218"}],"wp:term":[{"taxonomy":"category","embeddable":true,"href":"https:\/\/www.todoeldia.com\/index.php\/wp-json\/wp\/v2\/categories?post=88218"},{"taxonomy":"post_tag","embeddable":true,"href":"https:\/\/www.todoeldia.com\/index.php\/wp-json\/wp\/v2\/tags?post=88218"}],"curies":[{"name":"wp","href":"https:\/\/api.w.org\/{rel}","templated":true}]}}