{"id":88224,"date":"2024-12-11T13:47:37","date_gmt":"2024-12-11T16:47:37","guid":{"rendered":"https:\/\/www.todoeldia.com\/?p=88224"},"modified":"2024-12-11T13:47:37","modified_gmt":"2024-12-11T16:47:37","slug":"una-mujer-agredio-a-la-gerente-del-hospital-de-apolinario-saravia-por-no-internar-a-su-hija","status":"publish","type":"post","link":"https:\/\/www.todoeldia.com\/index.php\/2024\/12\/11\/una-mujer-agredio-a-la-gerente-del-hospital-de-apolinario-saravia-por-no-internar-a-su-hija\/","title":{"rendered":"Una mujer agredi\u00f3 a la gerente del hospital de Apolinario Saravia por no internar a su hija"},"content":{"rendered":"\n<p>Una mujer agredi\u00f3 f\u00edsicamente a la gerente del Hospital Ram\u00f3n Villafa\u00f1e, la Dra. Olga R\u00edos.<\/p>\n\n\n\n<p>La agresi\u00f3n se produjo despu\u00e9s de que la profesional bas\u00e1ndose en su criterio m\u00e9dico, tomara la decisi\u00f3n de no internar a la hija de la mujer.<\/p>\n\n\n\n<figure class=\"wp-block-video\"><video height=\"288\" style=\"aspect-ratio: 352 \/ 288;\" width=\"352\" controls src=\"https:\/\/www.todoeldia.com\/wp-content\/uploads\/2024\/12\/AQNCS6t7TCcRzZgzTp0MKr2BOmahVFIvf5amWgA-DlnuN_WvItpo2a7qccwYPg3zQdzLJpj6Mbn1XEdZUnuwZQ-B.mp4\"><\/video><\/figure>\n\n\n\n<p>Desde el Ministerio de Salud expresaron que \u201cse entiende la preocupaci\u00f3n y la frustraci\u00f3n que los padres pueden sentir cuando su hijo est\u00e1 enfermo. Sin embargo, no se tolerar\u00e1 ning\u00fan tipo de violencia o agresi\u00f3n hacia el personal\u201d.<\/p>\n\n\n\n<p>\u201cLa seguridad y el bienestar de los empleados son de suma importancia por lo que se investiga el incidente\u201d, aseguraron.<\/p>\n","protected":false},"excerpt":{"rendered":"<p>Una mujer agredi\u00f3 f\u00edsicamente a la gerente del Hospital Ram\u00f3n Villafa\u00f1e, la Dra. Olga R\u00edos. La agresi\u00f3n se produjo despu\u00e9s de que la profesional bas\u00e1ndose en su criterio m\u00e9dico, tomara la decisi\u00f3n de no internar a la hija de la mujer. Desde el Ministerio de Salud expresaron que \u201cse entiende la preocupaci\u00f3n y la frustraci\u00f3n [&hellip;]<\/p>\n","protected":false},"author":2,"featured_media":88225,"comment_status":"open","ping_status":"open","sticky":false,"template":"","format":"standard","meta":{"tdm_status":"","tdm_grid_status":"","_joinchat":[],"footnotes":""},"categories":[63],"tags":[],"class_list":{"0":"post-88224","1":"post","2":"type-post","3":"status-publish","4":"format-standard","5":"has-post-thumbnail","7":"category-policiales"},"amp_enabled":true,"_links":{"self":[{"href":"https:\/\/www.todoeldia.com\/index.php\/wp-json\/wp\/v2\/posts\/88224","targetHints":{"allow":["GET"]}}],"collection":[{"href":"https:\/\/www.todoeldia.com\/index.php\/wp-json\/wp\/v2\/posts"}],"about":[{"href":"https:\/\/www.todoeldia.com\/index.php\/wp-json\/wp\/v2\/types\/post"}],"author":[{"embeddable":true,"href":"https:\/\/www.todoeldia.com\/index.php\/wp-json\/wp\/v2\/users\/2"}],"replies":[{"embeddable":true,"href":"https:\/\/www.todoeldia.com\/index.php\/wp-json\/wp\/v2\/comments?post=88224"}],"version-history":[{"count":1,"href":"https:\/\/www.todoeldia.com\/index.php\/wp-json\/wp\/v2\/posts\/88224\/revisions"}],"predecessor-version":[{"id":88227,"href":"https:\/\/www.todoeldia.com\/index.php\/wp-json\/wp\/v2\/posts\/88224\/revisions\/88227"}],"wp:featuredmedia":[{"embeddable":true,"href":"https:\/\/www.todoeldia.com\/index.php\/wp-json\/wp\/v2\/media\/88225"}],"wp:attachment":[{"href":"https:\/\/www.todoeldia.com\/index.php\/wp-json\/wp\/v2\/media?parent=88224"}],"wp:term":[{"taxonomy":"category","embeddable":true,"href":"https:\/\/www.todoeldia.com\/index.php\/wp-json\/wp\/v2\/categories?post=88224"},{"taxonomy":"post_tag","embeddable":true,"href":"https:\/\/www.todoeldia.com\/index.php\/wp-json\/wp\/v2\/tags?post=88224"}],"curies":[{"name":"wp","href":"https:\/\/api.w.org\/{rel}","templated":true}]}}