{"id":88228,"date":"2024-12-11T13:49:54","date_gmt":"2024-12-11T16:49:54","guid":{"rendered":"https:\/\/www.todoeldia.com\/?p=88228"},"modified":"2024-12-11T13:49:54","modified_gmt":"2024-12-11T16:49:54","slug":"victoria-villarruel-convoco-a-sesion-urgente-en-el-senado-para-tratar-los-actos-inmorales-de-edgardo-kueider","status":"publish","type":"post","link":"https:\/\/www.todoeldia.com\/index.php\/2024\/12\/11\/victoria-villarruel-convoco-a-sesion-urgente-en-el-senado-para-tratar-los-actos-inmorales-de-edgardo-kueider\/","title":{"rendered":"Victoria Villarruel convoc\u00f3 a sesi\u00f3n urgente en el Senado para tratar los &#8220;actos inmorales&#8221; de Edgardo Kueider"},"content":{"rendered":"\n<p>La vicepresidente firm\u00f3 la convocatoria a debatir el proyecto que dispone la suspensi\u00f3n del senador que est\u00e1 preso en Paraguay tras ser encontrado con 200 mil d\u00f3lares ocultos en una mochila. Revel\u00f3 que quiso incluir la exclusi\u00f3n de Parrilli del cuerpo por estar acusado de \u201ctraici\u00f3n a la Patria\u201d, pero no tuvo consenso<\/p>\n\n\n\n<p>&#8220;Los argentinos de bien no queremos traidores a la Patria caminando por los pasillos de la C\u00e1mara&#8221;, expres\u00f3 la vicepresidenta.<\/p>\n\n\n\n<p>\u201cLleg\u00f3 la hora de sacar la mugre del Senado, sin contemplaciones\u201d, dijo en un posteo que public\u00f3 en su cuenta de X y agreg\u00f3: \u201cPara no dilatar los tiempos, junto al presidente provisional Bartolom\u00e9 Abdala llamamos a una sesi\u00f3n ma\u00f1ana para que tratemos los actos inmorales que son de p\u00fablico conocimiento del senador Kueider, y que exponen una vez m\u00e1s la hipocres\u00eda del kirchnerismo\u201d.<\/p>\n","protected":false},"excerpt":{"rendered":"<p>La vicepresidente firm\u00f3 la convocatoria a debatir el proyecto que dispone la suspensi\u00f3n del senador que est\u00e1 preso en Paraguay tras ser encontrado con 200 mil d\u00f3lares ocultos en una mochila. Revel\u00f3 que quiso incluir la exclusi\u00f3n de Parrilli del cuerpo por estar acusado de \u201ctraici\u00f3n a la Patria\u201d, pero no tuvo consenso &#8220;Los argentinos [&hellip;]<\/p>\n","protected":false},"author":2,"featured_media":69040,"comment_status":"open","ping_status":"open","sticky":false,"template":"","format":"standard","meta":{"tdm_status":"","tdm_grid_status":"","_joinchat":[],"footnotes":""},"categories":[59],"tags":[],"class_list":{"0":"post-88228","1":"post","2":"type-post","3":"status-publish","4":"format-standard","5":"has-post-thumbnail","7":"category-politica"},"amp_enabled":true,"_links":{"self":[{"href":"https:\/\/www.todoeldia.com\/index.php\/wp-json\/wp\/v2\/posts\/88228","targetHints":{"allow":["GET"]}}],"collection":[{"href":"https:\/\/www.todoeldia.com\/index.php\/wp-json\/wp\/v2\/posts"}],"about":[{"href":"https:\/\/www.todoeldia.com\/index.php\/wp-json\/wp\/v2\/types\/post"}],"author":[{"embeddable":true,"href":"https:\/\/www.todoeldia.com\/index.php\/wp-json\/wp\/v2\/users\/2"}],"replies":[{"embeddable":true,"href":"https:\/\/www.todoeldia.com\/index.php\/wp-json\/wp\/v2\/comments?post=88228"}],"version-history":[{"count":1,"href":"https:\/\/www.todoeldia.com\/index.php\/wp-json\/wp\/v2\/posts\/88228\/revisions"}],"predecessor-version":[{"id":88229,"href":"https:\/\/www.todoeldia.com\/index.php\/wp-json\/wp\/v2\/posts\/88228\/revisions\/88229"}],"wp:featuredmedia":[{"embeddable":true,"href":"https:\/\/www.todoeldia.com\/index.php\/wp-json\/wp\/v2\/media\/69040"}],"wp:attachment":[{"href":"https:\/\/www.todoeldia.com\/index.php\/wp-json\/wp\/v2\/media?parent=88228"}],"wp:term":[{"taxonomy":"category","embeddable":true,"href":"https:\/\/www.todoeldia.com\/index.php\/wp-json\/wp\/v2\/categories?post=88228"},{"taxonomy":"post_tag","embeddable":true,"href":"https:\/\/www.todoeldia.com\/index.php\/wp-json\/wp\/v2\/tags?post=88228"}],"curies":[{"name":"wp","href":"https:\/\/api.w.org\/{rel}","templated":true}]}}