{"id":88230,"date":"2024-12-11T13:52:36","date_gmt":"2024-12-11T16:52:36","guid":{"rendered":"https:\/\/www.todoeldia.com\/?p=88230"},"modified":"2024-12-11T13:52:36","modified_gmt":"2024-12-11T16:52:36","slug":"axel-kicillof-no-ira-a-la-asuncion-de-cristina-kirchner-como-presidenta-del-partido-justicialista","status":"publish","type":"post","link":"https:\/\/www.todoeldia.com\/index.php\/2024\/12\/11\/axel-kicillof-no-ira-a-la-asuncion-de-cristina-kirchner-como-presidenta-del-partido-justicialista\/","title":{"rendered":"Axel Kicillof no ir\u00e1 a la asunci\u00f3n de Cristina Kirchner como presidenta del Partido Justicialista"},"content":{"rendered":"\n<p>El gobernador bonaerense lleva adelante su propia agenda con actividades en Pehuaj\u00f3, Carlos Casares y Bragado. Desde su entorno deslizaron que no fue invitado formalmente al acto del PJ, aunque s\u00ed hubo un llamado. El mandatario renunci\u00f3 hace unos d\u00edas como vicepresidente para que asuman las nuevas autoridades partidarias.<\/p>\n\n\n\n<p>El gobernador de la provincia de Buenos Aires, Axel Kicillof, no participar\u00e1 de la asunci\u00f3n de Cristina Kirchner al frente del Partido Justicialista, que se llevar\u00e1 adelante en la tarde de este mi\u00e9rcoles en la sede de la Universidad Metropolitana para la Educaci\u00f3n y el Trabajo (UMET), ubicada en el barrio de Balvanera de la Ciudad de Buenos Aires.<\/p>\n","protected":false},"excerpt":{"rendered":"<p>El gobernador bonaerense lleva adelante su propia agenda con actividades en Pehuaj\u00f3, Carlos Casares y Bragado. Desde su entorno deslizaron que no fue invitado formalmente al acto del PJ, aunque s\u00ed hubo un llamado. El mandatario renunci\u00f3 hace unos d\u00edas como vicepresidente para que asuman las nuevas autoridades partidarias. El gobernador de la provincia de [&hellip;]<\/p>\n","protected":false},"author":2,"featured_media":36784,"comment_status":"open","ping_status":"open","sticky":false,"template":"","format":"standard","meta":{"tdm_status":"","tdm_grid_status":"","_joinchat":[],"footnotes":""},"categories":[59],"tags":[],"class_list":{"0":"post-88230","1":"post","2":"type-post","3":"status-publish","4":"format-standard","5":"has-post-thumbnail","7":"category-politica"},"amp_enabled":true,"_links":{"self":[{"href":"https:\/\/www.todoeldia.com\/index.php\/wp-json\/wp\/v2\/posts\/88230","targetHints":{"allow":["GET"]}}],"collection":[{"href":"https:\/\/www.todoeldia.com\/index.php\/wp-json\/wp\/v2\/posts"}],"about":[{"href":"https:\/\/www.todoeldia.com\/index.php\/wp-json\/wp\/v2\/types\/post"}],"author":[{"embeddable":true,"href":"https:\/\/www.todoeldia.com\/index.php\/wp-json\/wp\/v2\/users\/2"}],"replies":[{"embeddable":true,"href":"https:\/\/www.todoeldia.com\/index.php\/wp-json\/wp\/v2\/comments?post=88230"}],"version-history":[{"count":1,"href":"https:\/\/www.todoeldia.com\/index.php\/wp-json\/wp\/v2\/posts\/88230\/revisions"}],"predecessor-version":[{"id":88231,"href":"https:\/\/www.todoeldia.com\/index.php\/wp-json\/wp\/v2\/posts\/88230\/revisions\/88231"}],"wp:featuredmedia":[{"embeddable":true,"href":"https:\/\/www.todoeldia.com\/index.php\/wp-json\/wp\/v2\/media\/36784"}],"wp:attachment":[{"href":"https:\/\/www.todoeldia.com\/index.php\/wp-json\/wp\/v2\/media?parent=88230"}],"wp:term":[{"taxonomy":"category","embeddable":true,"href":"https:\/\/www.todoeldia.com\/index.php\/wp-json\/wp\/v2\/categories?post=88230"},{"taxonomy":"post_tag","embeddable":true,"href":"https:\/\/www.todoeldia.com\/index.php\/wp-json\/wp\/v2\/tags?post=88230"}],"curies":[{"name":"wp","href":"https:\/\/api.w.org\/{rel}","templated":true}]}}