{"id":8831,"date":"2020-10-19T11:14:45","date_gmt":"2020-10-19T14:14:45","guid":{"rendered":"https:\/\/www.todoeldia.com\/?p=8831"},"modified":"2020-10-19T11:18:42","modified_gmt":"2020-10-19T14:18:42","slug":"detienen-al-chofer-del-alcalde-de-bermejo-por-trasladar-a-bolivianos-residentes-en-argentina-para-votar","status":"publish","type":"post","link":"https:\/\/www.todoeldia.com\/index.php\/2020\/10\/19\/detienen-al-chofer-del-alcalde-de-bermejo-por-trasladar-a-bolivianos-residentes-en-argentina-para-votar\/","title":{"rendered":"Detienen al chofer del Alcalde de Bermejo por trasladar a bolivianos residentes en Argentina para votar"},"content":{"rendered":"\n<p>El ministro de Gobierno de Bolivia, Arturo Murillo, inform\u00f3 anoche que se aprehendi\u00f3 al chofer del alcalde de Bermejo tras ser sorprendido trasladando personas desde Argentina inform\u00f3 el diario El Deber.<\/p>\n\n\n\n<p>\u201cHemos tenido un solo problema en la frontera con Argentina, donde un alcalde se estaba haciendo el vivo metiendo gente en su veh\u00edculo a Bermejo, hemos detenido a su chofer, se ha secuestrado su veh\u00edculo y se ha ordenado que sea procesado el alcalde, que adem\u00e1s es candidato del Movimiento al Socialismo (MAS)\u201d, report\u00f3 la autoridad de Estado.<\/p>\n\n\n\n<p>Por su parte, Marcel Rivas, director de Migraci\u00f3n, mediante su cuenta de Facebook denunci\u00f3 que un veh\u00edculo fue interceptado en Bermejo, municipio fronterizo que colinda con Argentina, por lo que formalizar\u00e1 la denuncia penal contra los responsables del hecho irregular por haber cometido un delito electoral.<\/p>\n\n\n\n<p>La ley 026 de R\u00e9gimen Electoral de ese pa\u00eds establece en el art\u00edculo 238, inciso i, que constituye un delito electoral, el \u201ctraslado fraudulento de personas\u201d.<\/p>\n","protected":false},"excerpt":{"rendered":"<p>El ministro de Gobierno de Bolivia, Arturo Murillo, inform\u00f3 anoche que se aprehendi\u00f3 al chofer del alcalde de Bermejo tras ser sorprendido trasladando personas desde Argentina inform\u00f3 el diario El Deber. \u201cHemos tenido un solo problema en la frontera con Argentina, donde un alcalde se estaba haciendo el vivo metiendo gente en su veh\u00edculo a [&hellip;]<\/p>\n","protected":false},"author":2,"featured_media":8833,"comment_status":"open","ping_status":"open","sticky":false,"template":"","format":"standard","meta":{"tdm_status":"","tdm_grid_status":"","_joinchat":[],"footnotes":""},"categories":[73],"tags":[],"class_list":{"0":"post-8831","1":"post","2":"type-post","3":"status-publish","4":"format-standard","5":"has-post-thumbnail","7":"category-noticias-general"},"amp_enabled":true,"_links":{"self":[{"href":"https:\/\/www.todoeldia.com\/index.php\/wp-json\/wp\/v2\/posts\/8831","targetHints":{"allow":["GET"]}}],"collection":[{"href":"https:\/\/www.todoeldia.com\/index.php\/wp-json\/wp\/v2\/posts"}],"about":[{"href":"https:\/\/www.todoeldia.com\/index.php\/wp-json\/wp\/v2\/types\/post"}],"author":[{"embeddable":true,"href":"https:\/\/www.todoeldia.com\/index.php\/wp-json\/wp\/v2\/users\/2"}],"replies":[{"embeddable":true,"href":"https:\/\/www.todoeldia.com\/index.php\/wp-json\/wp\/v2\/comments?post=8831"}],"version-history":[{"count":1,"href":"https:\/\/www.todoeldia.com\/index.php\/wp-json\/wp\/v2\/posts\/8831\/revisions"}],"predecessor-version":[{"id":8834,"href":"https:\/\/www.todoeldia.com\/index.php\/wp-json\/wp\/v2\/posts\/8831\/revisions\/8834"}],"wp:featuredmedia":[{"embeddable":true,"href":"https:\/\/www.todoeldia.com\/index.php\/wp-json\/wp\/v2\/media\/8833"}],"wp:attachment":[{"href":"https:\/\/www.todoeldia.com\/index.php\/wp-json\/wp\/v2\/media?parent=8831"}],"wp:term":[{"taxonomy":"category","embeddable":true,"href":"https:\/\/www.todoeldia.com\/index.php\/wp-json\/wp\/v2\/categories?post=8831"},{"taxonomy":"post_tag","embeddable":true,"href":"https:\/\/www.todoeldia.com\/index.php\/wp-json\/wp\/v2\/tags?post=8831"}],"curies":[{"name":"wp","href":"https:\/\/api.w.org\/{rel}","templated":true}]}}