{"id":8898,"date":"2020-10-19T20:10:52","date_gmt":"2020-10-19T23:10:52","guid":{"rendered":"https:\/\/www.todoeldia.com\/?p=8898"},"modified":"2020-10-19T20:10:53","modified_gmt":"2020-10-19T23:10:53","slug":"la-corte-se-reune-manana-y-podria-fallar-sobre-los-jueces-que-los-k-buscan-desplazar","status":"publish","type":"post","link":"https:\/\/www.todoeldia.com\/index.php\/2020\/10\/19\/la-corte-se-reune-manana-y-podria-fallar-sobre-los-jueces-que-los-k-buscan-desplazar\/","title":{"rendered":"La Corte se re\u00fane ma\u00f1ana y podr\u00eda fallar sobre los jueces que los K buscan desplazar"},"content":{"rendered":"\n<p>Este martes tendr\u00e1n un encuentro virtual. Debatir\u00e1n las posiciones sobre Bruglia, Castelli y Bertuzzi. Tensi\u00f3n con el Gobierno.<\/p>\n\n\n\n<p>En un clima de hermetismo, la Corte Suprema entra en&nbsp;<a href=\"https:\/\/www.clarin.com\/politica\/corte-decide-semana-validez-revision-k-traslado-jueces-clave_0_x9pcXqcKM.html\" target=\"_blank\" rel=\"noreferrer noopener\">tiempo de descuento.<\/a>&nbsp;Luego de aceptar el per saltum de los tres magistrados que el kirchnerismo busca desplazar, este martes&nbsp;volver\u00e1n a reunirse de manera virtual y podr\u00edan llegar a definir<a href=\"https:\/\/www.clarin.com\/politica\/corte-ratificara-jueces-desplazados-analiza-opciones-trampa-quedar-bien_0_FIPeL-uoT.html\" target=\"_blank\" rel=\"noreferrer noopener\">&nbsp;la situaci\u00f3n de los camaristas<\/a>&nbsp;Pablo Bertuzzi y Leopoldo Bruglia y del juez Germ\u00e1n Castelli.<\/p>\n\n\n\n<p>En la previa del nuevo encuentro de los integrantes del m\u00e1ximo tribunal, este lunes&nbsp;se organiz\u00f3&nbsp;una vigilia frente al Palacio de Tribunales.&nbsp;<\/p>\n\n\n\n<p>La convocatoria lleva el nombre de &#8220;Una luz por la Rep\u00fablica&#8221;y&nbsp; arranc\u00f3 cerca de las&nbsp;19 horas del lunes en Talcahuano 550, aunque tambi\u00e9n buscaba que se replicara en&nbsp;el resto de los Palacios de Justicia de todo el pa\u00eds.<\/p>\n\n\n\n<p>Aunque se espera&nbsp;<a href=\"https:\/\/www.clarin.com\/politica\/corte-ratificara-jueces-desplazados-analiza-opciones-trampa-quedar-bien_0_FIPeL-uoT.html\" target=\"_blank\" rel=\"noreferrer noopener\">que el M\u00e1ximo Tribunal trate este martes por la ma\u00f1ana<\/a>&nbsp;la situaci\u00f3n de los tres magistrados&nbsp;que intervinieron en causas sensibles para la vicepresidenta Cristina Kirchner, la definici\u00f3n final se podr\u00eda estirar a\u00fan m\u00e1s. La Corte, que no tiene plazos para expedirse, puede definir su destino hoy, o discutir los detalles del voto de cada ministro y terminar firm\u00e1ndolos en el transcurso de esta semana.<\/p>\n\n\n\n<p>Los jueces de la Corte&nbsp;se re\u00fane en plenario los martes y jueves&nbsp;pero ahora,&nbsp;con la firma digital, si llegaran&nbsp;a un consenso, podr\u00edan votar cualquier d\u00eda. \u201cSacan el token y listo\u201d, sintetiz\u00f3 una fuente que conoce los manejos del tribunal.<\/p>\n\n\n\n<p>Los cinco jueces de la Corte, Carlos Rosenkrantz, Horacio Rosatti, Ricardo Lorenzetti, Juan Carlos Maqueda y Helena Highton&nbsp;vienen trabajando en sus dict\u00e1menes desde hace d\u00edas y baj\u00f3 un hermetismo total.&nbsp;No quieren que se conozcan ni anticipen los destalles de la decisi\u00f3n de cada uno.<\/p>\n\n\n\n<p>Hace una semana, en otra de las reuniones virtuales, discutieron sobre la situaci\u00f3n de los magistrados pero no lograron un acuerdo. El s\u00e1bado,&nbsp;Clar\u00edn&nbsp;adelant\u00f3&nbsp;que el fallo ser\u00eda inminente porque al menos dos ministro de la Corte plantearon que se intercambien proyectos y se busquen consensos para votar.<\/p>\n\n\n\n<p>Hasta el fin de semana, seg\u00fan fuentes judiciales,&nbsp;a\u00fan no hab\u00eda una mayor\u00eda de tres votos, los que se necesitan para sacar un acuerdo y emitir un fallo.<\/p>\n\n\n\n<p>M\u00e1s all\u00e1 de la discusi\u00f3n dentro de la Corte,&nbsp;el contexto en que emitir\u00e1n una soluci\u00f3n es de m\u00e1xima tensi\u00f3n pol\u00edtica.&nbsp;El Gobierno tiene puesto un ojo en el tribunal sobre el que desconf\u00eda y acusa de jugarle en contra. Sobre todo apuntan contra el presidente de la Corte, Carlos Rosenkrantz.<\/p>\n\n\n\n<p>La Corte, adem\u00e1s, viene de rechazar&nbsp;un pedido de la vicepresidenta Cristina Kirchner de validar las sesiones digitales del Senado (aquel que se iba a escribir \u201ccon sangre o razones\u201d, seg\u00fan su asesora parlamentaria Graciana Pe\u00f1afort) y si llegaran votar&nbsp;a favor de los jueces que los K quieren desplazar&nbsp;aumentar\u00e1 la tensi\u00f3n con el Gobierno de Alberto Fern\u00e1ndez.&nbsp;<\/p>\n\n\n\n<p>Adem\u00e1s,&nbsp;los jueces tienen otro expediente caliente en sus despachos: el recurso que present\u00f3 el jefe de Gobierno porte\u00f1o, Horacio Rodr\u00edguez Larreta, por el recorte de la coparticipaci\u00f3n que impuls\u00f3 el Presidente a la Ciudad.<\/p>\n\n\n\n<p>La tensi\u00f3n con la Corte tuvo varios episodios.&nbsp;De hecho, luego de que aceptaran el per saltum se conoci\u00f3 que la diputada del Frente de Todos e integrante de La C\u00e1mpora, Vanesa Siley, hab\u00eda pedido que se le inicie un juicio pol\u00edtico a Rosenkrantz por sus fallos en causas de delitos de lesa humanidad.<\/p>\n\n\n\n<p>Un d\u00eda despu\u00e9s, el diputado ultra K&nbsp;<a href=\"https:\/\/www.clarin.com\/politica\/kirchnerismo-redoblo-criticas-corte-ahora-apunto-jueces_0_hGs8357nr.html\" target=\"_blank\" rel=\"noreferrer noopener\">Leopoldo Moreau, cuestion\u00f3 a toda la Corte&nbsp;<\/a>y dijo que estaba &#8220;agotada&#8221;,&nbsp;&#8220;muy degradada&#8221; y &#8220;sin el nivel de otros tiempos&#8221;. Esa misma semana, la ministra de Justicia, Marcela Losardo, y el secretario de derechos Humanos, Horacio Pietragalla, se negaron a asistir a un encuentro convocado por Rosenkrantz para agilizar los juicios por delitos de lesa humanidad.<\/p>\n\n\n\n<p>En el medio, hubo cuestionamiento del Presidente porque la Corte no habr\u00eda cumplido con la Ley Micaela que capacita en cuestiones de g\u00e9nero a los diferentes poderes del Estado.&nbsp;<a href=\"https:\/\/www.clarin.com\/politica\/corte-suprema-salio-responder-acusaciones-alberto-fernandez-aplicacion-ley-micaela_0_gQRj_WVDD.html\" target=\"_blank\" rel=\"noreferrer noopener\">Desde el tribunal le contestaron&nbsp;<\/a>que tienen su propia capacitaci\u00f3n&nbsp;reconocida mundialmente.<\/p>\n\n\n\n<p>Con esas se\u00f1ales, el oficialismo y sobre todos los sectores m\u00e1s duros del Gobierno, intentaron mostrarle a la Corte que la relaci\u00f3n no pasa por un buen momento.<\/p>\n","protected":false},"excerpt":{"rendered":"<p>Este martes tendr\u00e1n un encuentro virtual. Debatir\u00e1n las posiciones sobre Bruglia, Castelli y Bertuzzi. Tensi\u00f3n con el Gobierno. En un clima de hermetismo, la Corte Suprema entra en&nbsp;tiempo de descuento.&nbsp;Luego de aceptar el per saltum de los tres magistrados que el kirchnerismo busca desplazar, este martes&nbsp;volver\u00e1n a reunirse de manera virtual y podr\u00edan llegar a [&hellip;]<\/p>\n","protected":false},"author":2,"featured_media":8899,"comment_status":"open","ping_status":"open","sticky":false,"template":"","format":"standard","meta":{"tdm_status":"","tdm_grid_status":"","_joinchat":[],"footnotes":""},"categories":[59],"tags":[],"class_list":{"0":"post-8898","1":"post","2":"type-post","3":"status-publish","4":"format-standard","5":"has-post-thumbnail","7":"category-politica"},"amp_enabled":true,"_links":{"self":[{"href":"https:\/\/www.todoeldia.com\/index.php\/wp-json\/wp\/v2\/posts\/8898","targetHints":{"allow":["GET"]}}],"collection":[{"href":"https:\/\/www.todoeldia.com\/index.php\/wp-json\/wp\/v2\/posts"}],"about":[{"href":"https:\/\/www.todoeldia.com\/index.php\/wp-json\/wp\/v2\/types\/post"}],"author":[{"embeddable":true,"href":"https:\/\/www.todoeldia.com\/index.php\/wp-json\/wp\/v2\/users\/2"}],"replies":[{"embeddable":true,"href":"https:\/\/www.todoeldia.com\/index.php\/wp-json\/wp\/v2\/comments?post=8898"}],"version-history":[{"count":1,"href":"https:\/\/www.todoeldia.com\/index.php\/wp-json\/wp\/v2\/posts\/8898\/revisions"}],"predecessor-version":[{"id":8900,"href":"https:\/\/www.todoeldia.com\/index.php\/wp-json\/wp\/v2\/posts\/8898\/revisions\/8900"}],"wp:featuredmedia":[{"embeddable":true,"href":"https:\/\/www.todoeldia.com\/index.php\/wp-json\/wp\/v2\/media\/8899"}],"wp:attachment":[{"href":"https:\/\/www.todoeldia.com\/index.php\/wp-json\/wp\/v2\/media?parent=8898"}],"wp:term":[{"taxonomy":"category","embeddable":true,"href":"https:\/\/www.todoeldia.com\/index.php\/wp-json\/wp\/v2\/categories?post=8898"},{"taxonomy":"post_tag","embeddable":true,"href":"https:\/\/www.todoeldia.com\/index.php\/wp-json\/wp\/v2\/tags?post=8898"}],"curies":[{"name":"wp","href":"https:\/\/api.w.org\/{rel}","templated":true}]}}