{"id":89021,"date":"2025-01-02T13:51:00","date_gmt":"2025-01-02T16:51:00","guid":{"rendered":"https:\/\/www.todoeldia.com\/?p=89021"},"modified":"2025-01-02T13:51:00","modified_gmt":"2025-01-02T16:51:00","slug":"estaban-bebiendo-en-la-via-publica-en-r-de-la-frontera-y-cuando-llego-la-policia-agredieron-a-los-efectivos","status":"publish","type":"post","link":"https:\/\/www.todoeldia.com\/index.php\/2025\/01\/02\/estaban-bebiendo-en-la-via-publica-en-r-de-la-frontera-y-cuando-llego-la-policia-agredieron-a-los-efectivos\/","title":{"rendered":"Estaban bebiendo en la v\u00eda publica en R\u00b0 de la Frontera y cuando lleg\u00f3 la polic\u00eda agredieron a los efectivos"},"content":{"rendered":"\n<p>Un grupo de personas que se encontraban bebiendo en la v\u00eda p\u00fablica, reaccion\u00f3 de manera violenta en contra de los efectivos que se presentaron para realizar el despeje. Uno de los polic\u00edas result\u00f3 lesionado.<\/p>\n\n\n\n<p>El fiscal penal de Rosario de la Frontera, Oscar L\u00f3pez Ibarra, imput\u00f3 de forma provisional a una mujer de 32 a\u00f1os y a un hombre de 25 a\u00f1os como coautores de los delitos de amenazas y resistencia a la autoridad y a un hombre de 18 a\u00f1os como autor de los delitos de amenazas, resistencia a la autoridad y lesiones leves.<\/p>\n\n\n\n<p>Tras la audiencia de imputaci\u00f3n, desde la Fiscal\u00eda se solicit\u00f3 al Juzgado de Garant\u00edas en turno, que los acusados permanezcan detenidos.<\/p>\n\n\n\n<p>Ocurri\u00f3 el pasado 29 de diciembre, cuando personal policial fue advertido de la presencia de un grupo de m\u00e1s de 10 personas en la v\u00eda p\u00fablica, quienes estar\u00edan ingiriendo bebidas alcoh\u00f3licas.<\/p>\n\n\n\n<p>Al llegar, una mujer comenz\u00f3 a causar disturbios y forcejear con los efectivos, y luego se sumaron otras personas, quienes profer\u00edan amenazas y uno de ellos, lesion\u00f3 a uno de los polic\u00edas.<\/p>\n\n\n\n<p>Finalmente se logr\u00f3 calmar la situaci\u00f3n y la detenci\u00f3n de tres de los sospechosos.<\/p>\n","protected":false},"excerpt":{"rendered":"<p>Un grupo de personas que se encontraban bebiendo en la v\u00eda p\u00fablica, reaccion\u00f3 de manera violenta en contra de los efectivos que se presentaron para realizar el despeje. Uno de los polic\u00edas result\u00f3 lesionado. El fiscal penal de Rosario de la Frontera, Oscar L\u00f3pez Ibarra, imput\u00f3 de forma provisional a una mujer de 32 a\u00f1os [&hellip;]<\/p>\n","protected":false},"author":2,"featured_media":73480,"comment_status":"open","ping_status":"open","sticky":false,"template":"","format":"standard","meta":{"tdm_status":"","tdm_grid_status":"","_joinchat":[],"footnotes":""},"categories":[63],"tags":[],"class_list":{"0":"post-89021","1":"post","2":"type-post","3":"status-publish","4":"format-standard","5":"has-post-thumbnail","7":"category-policiales"},"amp_enabled":true,"_links":{"self":[{"href":"https:\/\/www.todoeldia.com\/index.php\/wp-json\/wp\/v2\/posts\/89021","targetHints":{"allow":["GET"]}}],"collection":[{"href":"https:\/\/www.todoeldia.com\/index.php\/wp-json\/wp\/v2\/posts"}],"about":[{"href":"https:\/\/www.todoeldia.com\/index.php\/wp-json\/wp\/v2\/types\/post"}],"author":[{"embeddable":true,"href":"https:\/\/www.todoeldia.com\/index.php\/wp-json\/wp\/v2\/users\/2"}],"replies":[{"embeddable":true,"href":"https:\/\/www.todoeldia.com\/index.php\/wp-json\/wp\/v2\/comments?post=89021"}],"version-history":[{"count":1,"href":"https:\/\/www.todoeldia.com\/index.php\/wp-json\/wp\/v2\/posts\/89021\/revisions"}],"predecessor-version":[{"id":89022,"href":"https:\/\/www.todoeldia.com\/index.php\/wp-json\/wp\/v2\/posts\/89021\/revisions\/89022"}],"wp:featuredmedia":[{"embeddable":true,"href":"https:\/\/www.todoeldia.com\/index.php\/wp-json\/wp\/v2\/media\/73480"}],"wp:attachment":[{"href":"https:\/\/www.todoeldia.com\/index.php\/wp-json\/wp\/v2\/media?parent=89021"}],"wp:term":[{"taxonomy":"category","embeddable":true,"href":"https:\/\/www.todoeldia.com\/index.php\/wp-json\/wp\/v2\/categories?post=89021"},{"taxonomy":"post_tag","embeddable":true,"href":"https:\/\/www.todoeldia.com\/index.php\/wp-json\/wp\/v2\/tags?post=89021"}],"curies":[{"name":"wp","href":"https:\/\/api.w.org\/{rel}","templated":true}]}}