{"id":89023,"date":"2025-01-02T14:08:50","date_gmt":"2025-01-02T17:08:50","guid":{"rendered":"https:\/\/www.todoeldia.com\/?p=89023"},"modified":"2025-01-02T14:08:50","modified_gmt":"2025-01-02T17:08:50","slug":"un-herido-de-arma-blanca-a-la-salida-de-un-baile-en-oran","status":"publish","type":"post","link":"https:\/\/www.todoeldia.com\/index.php\/2025\/01\/02\/un-herido-de-arma-blanca-a-la-salida-de-un-baile-en-oran\/","title":{"rendered":"Un herido de arma blanca a la salida de un baile en Or\u00e1n"},"content":{"rendered":"\n<p>El mi\u00e9rcoles 1\u00b0 de enero en horas de la tarde se vivi\u00f3 un violento episodio a la salida de un baile ubicado en la avenida Constituyentes de la ciudad de Or\u00e1n que termin\u00f3 con un joven de 29 a\u00f1os gravemente herido.<\/p>\n\n\n\n<p>Las im\u00e1genes se viralizaron en redes sociales y muestran al hombre tendido en el piso y un grupo de personas que intentan auxiliarlo mientras esperan la llegada de una ambulancia.<\/p>\n\n\n\n<figure class=\"wp-block-image size-full is-resized\"><img loading=\"lazy\" decoding=\"async\" width=\"511\" height=\"500\" src=\"https:\/\/www.todoeldia.com\/wp-content\/uploads\/2025\/01\/joven-apunalado-en-oran1.jpg\" alt=\"\" class=\"wp-image-89016\" style=\"width:1053px;height:auto\" srcset=\"https:\/\/www.todoeldia.com\/wp-content\/uploads\/2025\/01\/joven-apunalado-en-oran1.jpg 511w, https:\/\/www.todoeldia.com\/wp-content\/uploads\/2025\/01\/joven-apunalado-en-oran1-300x294.jpg 300w, https:\/\/www.todoeldia.com\/wp-content\/uploads\/2025\/01\/joven-apunalado-en-oran1-429x420.jpg 429w\" sizes=\"auto, (max-width: 511px) 100vw, 511px\" \/><\/figure>\n\n\n\n<p>Hasta el momento ni la fiscal\u00eda interviniente, ni la polic\u00eda brindaron detalles de lo ocurrido. Tampoco si hay personas identificadas por la agresi\u00f3n.<\/p>\n\n\n\n<p>Seg\u00fan se inform\u00f3 a NORTE YA, Daniel Leonardo Lizondo de 29 a\u00f1os, presenta una herida de arma blanca en hemitorax izquierdo, el paciente se encuentra en estado grave y qued\u00f3 internado en terapia intensiva.<\/p>\n","protected":false},"excerpt":{"rendered":"<p>El mi\u00e9rcoles 1\u00b0 de enero en horas de la tarde se vivi\u00f3 un violento episodio a la salida de un baile ubicado en la avenida Constituyentes de la ciudad de Or\u00e1n que termin\u00f3 con un joven de 29 a\u00f1os gravemente herido. Las im\u00e1genes se viralizaron en redes sociales y muestran al hombre tendido en el [&hellip;]<\/p>\n","protected":false},"author":2,"featured_media":89024,"comment_status":"open","ping_status":"open","sticky":false,"template":"","format":"standard","meta":{"tdm_status":"","tdm_grid_status":"","_joinchat":[],"footnotes":""},"categories":[63],"tags":[],"class_list":{"0":"post-89023","1":"post","2":"type-post","3":"status-publish","4":"format-standard","5":"has-post-thumbnail","7":"category-policiales"},"amp_enabled":true,"_links":{"self":[{"href":"https:\/\/www.todoeldia.com\/index.php\/wp-json\/wp\/v2\/posts\/89023","targetHints":{"allow":["GET"]}}],"collection":[{"href":"https:\/\/www.todoeldia.com\/index.php\/wp-json\/wp\/v2\/posts"}],"about":[{"href":"https:\/\/www.todoeldia.com\/index.php\/wp-json\/wp\/v2\/types\/post"}],"author":[{"embeddable":true,"href":"https:\/\/www.todoeldia.com\/index.php\/wp-json\/wp\/v2\/users\/2"}],"replies":[{"embeddable":true,"href":"https:\/\/www.todoeldia.com\/index.php\/wp-json\/wp\/v2\/comments?post=89023"}],"version-history":[{"count":1,"href":"https:\/\/www.todoeldia.com\/index.php\/wp-json\/wp\/v2\/posts\/89023\/revisions"}],"predecessor-version":[{"id":89025,"href":"https:\/\/www.todoeldia.com\/index.php\/wp-json\/wp\/v2\/posts\/89023\/revisions\/89025"}],"wp:featuredmedia":[{"embeddable":true,"href":"https:\/\/www.todoeldia.com\/index.php\/wp-json\/wp\/v2\/media\/89024"}],"wp:attachment":[{"href":"https:\/\/www.todoeldia.com\/index.php\/wp-json\/wp\/v2\/media?parent=89023"}],"wp:term":[{"taxonomy":"category","embeddable":true,"href":"https:\/\/www.todoeldia.com\/index.php\/wp-json\/wp\/v2\/categories?post=89023"},{"taxonomy":"post_tag","embeddable":true,"href":"https:\/\/www.todoeldia.com\/index.php\/wp-json\/wp\/v2\/tags?post=89023"}],"curies":[{"name":"wp","href":"https:\/\/api.w.org\/{rel}","templated":true}]}}