{"id":89034,"date":"2025-01-02T18:25:58","date_gmt":"2025-01-02T21:25:58","guid":{"rendered":"https:\/\/www.todoeldia.com\/?p=89034"},"modified":"2025-01-02T18:25:58","modified_gmt":"2025-01-02T21:25:58","slug":"villarruel-prorrogo-el-congelamiento-de-las-dietas-de-los-senadores-hasta-el-31-de-marzo","status":"publish","type":"post","link":"https:\/\/www.todoeldia.com\/index.php\/2025\/01\/02\/villarruel-prorrogo-el-congelamiento-de-las-dietas-de-los-senadores-hasta-el-31-de-marzo\/","title":{"rendered":"Villarruel prorrog\u00f3 el congelamiento de las dietas de los senadores hasta el 31 de marzo"},"content":{"rendered":"\n<p>De esta manera, la Vicepresidenta y titular del Senado evit\u00f3 que el esc\u00e1ndalo escalara. &#8220;Es mi intenci\u00f3n que el Senado acompa\u00f1e al pueblo argentino en el esfuerzo que est\u00e1 haciendo&#8221;, escribi\u00f3 en su cuenta de X.<\/p>\n\n\n\n<p>La vicepresidenta y titular del Senado, Victoria Villarruel, prorrog\u00f3 el congelamiento de las dietas de los legisladores que venci\u00f3 el pasado 31 de diciembre.<\/p>\n\n\n\n<p>Lo hizo a trav\u00e9s de un decreto luego de recibir el visto bueno del bloque de La Libertad Avanza y el resto de los dialoguistas como el Frente Renovador de la Concordia, PRO, UCR y Las Provincias Unidas.<\/p>\n\n\n\n<p>&#8220;Es mi intenci\u00f3n que el Senado acompa\u00f1e al pueblo argentino en el esfuerzo que est\u00e1 haciendo&#8221;, dijo Villarruel en su cuenta de X.<\/p>\n","protected":false},"excerpt":{"rendered":"<p>De esta manera, la Vicepresidenta y titular del Senado evit\u00f3 que el esc\u00e1ndalo escalara. &#8220;Es mi intenci\u00f3n que el Senado acompa\u00f1e al pueblo argentino en el esfuerzo que est\u00e1 haciendo&#8221;, escribi\u00f3 en su cuenta de X. La vicepresidenta y titular del Senado, Victoria Villarruel, prorrog\u00f3 el congelamiento de las dietas de los legisladores que venci\u00f3 [&hellip;]<\/p>\n","protected":false},"author":2,"featured_media":69040,"comment_status":"open","ping_status":"open","sticky":false,"template":"","format":"standard","meta":{"tdm_status":"","tdm_grid_status":"","_joinchat":[],"footnotes":""},"categories":[59],"tags":[],"class_list":{"0":"post-89034","1":"post","2":"type-post","3":"status-publish","4":"format-standard","5":"has-post-thumbnail","7":"category-politica"},"amp_enabled":true,"_links":{"self":[{"href":"https:\/\/www.todoeldia.com\/index.php\/wp-json\/wp\/v2\/posts\/89034","targetHints":{"allow":["GET"]}}],"collection":[{"href":"https:\/\/www.todoeldia.com\/index.php\/wp-json\/wp\/v2\/posts"}],"about":[{"href":"https:\/\/www.todoeldia.com\/index.php\/wp-json\/wp\/v2\/types\/post"}],"author":[{"embeddable":true,"href":"https:\/\/www.todoeldia.com\/index.php\/wp-json\/wp\/v2\/users\/2"}],"replies":[{"embeddable":true,"href":"https:\/\/www.todoeldia.com\/index.php\/wp-json\/wp\/v2\/comments?post=89034"}],"version-history":[{"count":1,"href":"https:\/\/www.todoeldia.com\/index.php\/wp-json\/wp\/v2\/posts\/89034\/revisions"}],"predecessor-version":[{"id":89035,"href":"https:\/\/www.todoeldia.com\/index.php\/wp-json\/wp\/v2\/posts\/89034\/revisions\/89035"}],"wp:featuredmedia":[{"embeddable":true,"href":"https:\/\/www.todoeldia.com\/index.php\/wp-json\/wp\/v2\/media\/69040"}],"wp:attachment":[{"href":"https:\/\/www.todoeldia.com\/index.php\/wp-json\/wp\/v2\/media?parent=89034"}],"wp:term":[{"taxonomy":"category","embeddable":true,"href":"https:\/\/www.todoeldia.com\/index.php\/wp-json\/wp\/v2\/categories?post=89034"},{"taxonomy":"post_tag","embeddable":true,"href":"https:\/\/www.todoeldia.com\/index.php\/wp-json\/wp\/v2\/tags?post=89034"}],"curies":[{"name":"wp","href":"https:\/\/api.w.org\/{rel}","templated":true}]}}