{"id":89075,"date":"2025-01-03T16:00:40","date_gmt":"2025-01-03T19:00:40","guid":{"rendered":"https:\/\/www.todoeldia.com\/?p=89075"},"modified":"2025-01-03T16:02:35","modified_gmt":"2025-01-03T19:02:35","slug":"el-avion-sanitario-solo-para-viajes-de-saenz","status":"publish","type":"post","link":"https:\/\/www.todoeldia.com\/index.php\/2025\/01\/03\/el-avion-sanitario-solo-para-viajes-de-saenz\/","title":{"rendered":"\u00bfEl avi\u00f3n sanitario solo para viajes de S\u00e1enz?"},"content":{"rendered":"\n<p>Una familia salte\u00f1a espera poder usar el avi\u00f3n sanitario de la Provincia, pero la empresa de seguridad social no atendi\u00f3 a sus demandas. El ni\u00f1o est\u00e1 grave.<\/p>\n\n\n\n<figure class=\"wp-block-image size-full is-resized\"><img loading=\"lazy\" decoding=\"async\" width=\"470\" height=\"264\" src=\"https:\/\/www.todoeldia.com\/wp-content\/uploads\/2025\/01\/image-15.png\" alt=\"\" class=\"wp-image-89077\" style=\"width:1053px;height:auto\" srcset=\"https:\/\/www.todoeldia.com\/wp-content\/uploads\/2025\/01\/image-15.png 470w, https:\/\/www.todoeldia.com\/wp-content\/uploads\/2025\/01\/image-15-300x169.png 300w\" sizes=\"auto, (max-width: 470px) 100vw, 470px\" \/><\/figure>\n\n\n\n<p>Este viernes a la ma\u00f1ana, una mujer protest\u00f3 frente a las oficinas de una obra social con sede en la calle Espa\u00f1a entre Juramento y Vicente L\u00f3pez, para que la compa\u00f1\u00eda le consiga de manera urgente, un vuelo en el avi\u00f3n sanitario de la Provincia hacia Buenos Aires por el delicado estado de salud de su hijo. La empresa no emiti\u00f3 respuesta alguna, y el ni\u00f1o debe viajar de manera imperiosa a Capital para poder ser tratado por el Hospital Garrahan y as\u00ed, recibir un trasplante de ri\u00f1\u00f3n.<\/p>\n\n\n\n<figure class=\"wp-block-image size-full is-resized\"><img loading=\"lazy\" decoding=\"async\" width=\"640\" height=\"480\" src=\"https:\/\/www.todoeldia.com\/wp-content\/uploads\/2024\/02\/Learjet-lvard.jpg\" alt=\"\" class=\"wp-image-73247\" style=\"width:1053px;height:auto\" srcset=\"https:\/\/www.todoeldia.com\/wp-content\/uploads\/2024\/02\/Learjet-lvard.jpg 640w, https:\/\/www.todoeldia.com\/wp-content\/uploads\/2024\/02\/Learjet-lvard-300x225.jpg 300w, https:\/\/www.todoeldia.com\/wp-content\/uploads\/2024\/02\/Learjet-lvard-560x420.jpg 560w, https:\/\/www.todoeldia.com\/wp-content\/uploads\/2024\/02\/Learjet-lvard-80x60.jpg 80w, https:\/\/www.todoeldia.com\/wp-content\/uploads\/2024\/02\/Learjet-lvard-265x198.jpg 265w\" sizes=\"auto, (max-width: 640px) 100vw, 640px\" \/><\/figure>\n\n\n\n<p><strong>El avion sanitario de Salta en Aeroparque en Capital Federal<\/strong><\/p>\n\n\n\n<p>La mujer detall\u00f3 que la obra no acat\u00f3 su pedido, y que por esa raz\u00f3n decidi\u00f3 no moverse del edificio hasta obtener una respuesta. \u201cQue nos provean del avi\u00f3n sanitario porque en el Garrahan nos est\u00e1n esperando desde el lunes. Juegan con el tiempo del Materno Infantil, el Garrahan y la salud de mi hijo\u201d.<\/p>\n\n\n\n<p>Por otra parte, la madre del infante detall\u00f3 que est\u00e1 afiliada a este organismo hace m\u00e1s de una d\u00e9cada y que lleva las cuentas al d\u00eda. Si bien reconoci\u00f3 que desde esta empresa de seguros no la hab\u00edan fallado nunca, para esta situaci\u00f3n el acompa\u00f1amiento y los recursos disponibles para el traslado son nulos.<\/p>\n\n\n\n<p>\u201cEl Materno me ofreci\u00f3 el avi\u00f3n sanitario, pero la obra social no se hizo cargo y quiero que me den una soluci\u00f3n. \u201cQuiero que mi hijo vuelva a ser un ni\u00f1o normal y que realice todas sus actividades en la inmediatez. Es una agon\u00eda esperar un trasplante para ahora estar en la nada misma\u201d<\/p>\n\n\n\n<p>El ni\u00f1o posee una cirrosis idiop\u00e1tica, y su viaje a Buenos Aires debe hacerse urgente, ya que esta enfermedad es mortal. En su \u00faltimo parte, el ni\u00f1o estar\u00eda estable y controlado, pero que no tratado y se encontrar\u00eda en continuo riesgo de una hemorragia que puede acabar con su vida.<\/p>\n\n\n\n<p>Fuente: FM Profesional<\/p>\n","protected":false},"excerpt":{"rendered":"<p>Una familia salte\u00f1a espera poder usar el avi\u00f3n sanitario de la Provincia, pero la empresa de seguridad social no atendi\u00f3 a sus demandas. El ni\u00f1o est\u00e1 grave. Este viernes a la ma\u00f1ana, una mujer protest\u00f3 frente a las oficinas de una obra social con sede en la calle Espa\u00f1a entre Juramento y Vicente L\u00f3pez, para [&hellip;]<\/p>\n","protected":false},"author":2,"featured_media":68743,"comment_status":"open","ping_status":"open","sticky":false,"template":"","format":"standard","meta":{"tdm_status":"","tdm_grid_status":"","_joinchat":[],"footnotes":""},"categories":[73],"tags":[],"class_list":{"0":"post-89075","1":"post","2":"type-post","3":"status-publish","4":"format-standard","5":"has-post-thumbnail","7":"category-noticias-general"},"amp_enabled":true,"_links":{"self":[{"href":"https:\/\/www.todoeldia.com\/index.php\/wp-json\/wp\/v2\/posts\/89075","targetHints":{"allow":["GET"]}}],"collection":[{"href":"https:\/\/www.todoeldia.com\/index.php\/wp-json\/wp\/v2\/posts"}],"about":[{"href":"https:\/\/www.todoeldia.com\/index.php\/wp-json\/wp\/v2\/types\/post"}],"author":[{"embeddable":true,"href":"https:\/\/www.todoeldia.com\/index.php\/wp-json\/wp\/v2\/users\/2"}],"replies":[{"embeddable":true,"href":"https:\/\/www.todoeldia.com\/index.php\/wp-json\/wp\/v2\/comments?post=89075"}],"version-history":[{"count":2,"href":"https:\/\/www.todoeldia.com\/index.php\/wp-json\/wp\/v2\/posts\/89075\/revisions"}],"predecessor-version":[{"id":89078,"href":"https:\/\/www.todoeldia.com\/index.php\/wp-json\/wp\/v2\/posts\/89075\/revisions\/89078"}],"wp:featuredmedia":[{"embeddable":true,"href":"https:\/\/www.todoeldia.com\/index.php\/wp-json\/wp\/v2\/media\/68743"}],"wp:attachment":[{"href":"https:\/\/www.todoeldia.com\/index.php\/wp-json\/wp\/v2\/media?parent=89075"}],"wp:term":[{"taxonomy":"category","embeddable":true,"href":"https:\/\/www.todoeldia.com\/index.php\/wp-json\/wp\/v2\/categories?post=89075"},{"taxonomy":"post_tag","embeddable":true,"href":"https:\/\/www.todoeldia.com\/index.php\/wp-json\/wp\/v2\/tags?post=89075"}],"curies":[{"name":"wp","href":"https:\/\/api.w.org\/{rel}","templated":true}]}}